{"id":83,"date":"2020-06-30T09:47:20","date_gmt":"2020-06-30T08:47:20","guid":{"rendered":"http:\/\/www.madrimasd.org\/blogs\/talento-cm-uam\/?p=83"},"modified":"2020-06-30T18:36:54","modified_gmt":"2020-06-30T17:36:54","slug":"el-horizonte-de-la-fisica-fundamental","status":"publish","type":"post","link":"https:\/\/www.madrimasd.org\/blogs\/talento-cm-uam\/2020\/06\/30\/83\/","title":{"rendered":"El horizonte de la F\u00edsica Fundamental"},"content":{"rendered":"<p>Charlas de los investigadores del programa de Atracci\u00f3n de Talento de la Comunidad de Madrid (Modalidad I) Daniel Are\u00e1n, Guillermo Ballesteros, y Miguel A. S\u00e1nchez-Conde en el ciclo de conferencias de la residencia de estudiantes \u201cEl horizonte de la F\u00edsica Fundamental\u201d.<\/p>\n<p>&nbsp;<\/p>\n<p><a title=\"Daniel Are\u00e1n en la Residencia de Estudiantes\" href=\"https:\/\/www.youtube.com\/watch?v=dkjNL-62yeA\"><strong><span style=\"color: #0000ff;\">Superconductividad de alta temperatura y teor\u00eda de cuerdas<\/span><\/strong><\/a><\/p>\n<p>La superconductividad es una propiedad de algunos materiales que permite la conducci\u00f3n de corriente el\u00e9ctrica sin resistencia. Los materiales superconductores tienen, adem\u00e1s, tendencia a \u00abexpulsar\u00bb a su exterior el campo magn\u00e9tico. Estas propiedades inusuales han permitido desarrollar sorprendentes aplicaciones tecnol\u00f3gicas, como por ejemplo trenes de levitaci\u00f3n magn\u00e9tica. Los superconductores m\u00e1s m\u00e1s conocidos se comportan como tales a muy baja temperatura, cerca del cero absoluto (es decir -273 grados Celsius). Sin embargo, existen algunos superconductores que poseen dichas propiedades \u00abtan solo\u00bb a unos -200 grados Celsius. La teor\u00eda que describe los superconductores usuales no permite entender el comportamiento de estos otros superconductores de \u00abalta temperatura\u00bb. En su charla, Daniel Are\u00e1n nos explica nuevas ideas que intentan relacionar la superconductividad de alta temperatura con la teor\u00eda de cuerdas y los agujeros negros.<\/p>\n<p>&nbsp;<\/p>\n<p>[youtube]https:\/\/www.youtube.com\/watch?v=dkjNL-62yeA[\/youtube]<\/p>\n<p>&nbsp;<\/p>\n<p>&nbsp;<\/p>\n<p><a title=\"Guillermo Ballesteros en la residencia de estudiantes\" href=\"https:\/\/www.youtube.com\/watch?v=g-5tpvosbX4\"><strong><span style=\"color: #0000ff;\">El origen de la materia oscura<\/span><\/strong><\/a><\/p>\n<p>Uno de los hechos m\u00e1s asombrosos del mundo en el que vivimos es que tan solo un 5% de toda la materia y energ\u00eda que contiene corresponde a las part\u00edculas elementares \u00abordinarias\u00bb que constituyen las estrellas, minerales, &#8230;, mol\u00e9culas y \u00e1tomos que nos rodean. El 95% restant<strong><\/strong>e se divide en dos extra\u00f1as componentes que llamamos materia oscura (27%) y energ\u00eda oscura (68%). La segunda de \u00e9stas, m\u00e1s abundante, es responsable de la expansi\u00f3n acelerada del Universo, mientras que la primera (la materia oscura) es esencial para entender la din\u00e1mica y la formaci\u00f3n de las galaxias. El nombre de <em>materia oscura<\/em>, proviene de que esta componente del Universo no interacciona (o lo hace muy d\u00e9bilmente) con las part\u00edculas elementales \u00abordinarias\u00bb, por lo que no podemos observarla directamente con telescopios \u00f3pticos ni en ning\u00fan otro rango del espectro electromagn\u00e9tico. Su existencia y abundancia se infieren, sin embargo, de manera indirecta gracias a una multitud de observaciones astron\u00f3micas, astrof\u00edsicas y cosmol\u00f3gicas que nos permiten determinar sus efectos gravitatorios en diversos procesos f\u00edsicos que tienen lugar en diferentes \u00e9pocas de la vida del Universo. Un gran n\u00famero de experimentos y observaciones\u00a0 compiten actualmente entre s\u00ed por desvelar el origen y la naturaleza de la materia oscura, intentado discernir entre diferentes propuestas que los f\u00edsicos han desarrollado durante las \u00faltimas tres d\u00e9cadas. En su conferencia, Guillermo Ballesteros nos presenta las observaciones que evidencian la existencia de la materia oscura, sus propiedades y algunas de las ideas candidatas para entenderla: desde nuevas part\u00edculas elementales hasta agujeros negros.<\/p>\n<p>&nbsp;<\/p>\n<p>[youtube]https:\/\/www.youtube.com\/watch?v=g-5tpvosbX4[\/youtube]<\/p>\n<p>&nbsp;<\/p>\n<p>&nbsp;<\/p>\n<p><a title=\"Miguel A. S\u00e1nchez-Conde en la Residencia de Estudiantes\" href=\"https:\/\/www.youtube.com\/watch?v=qwxkz7fh-cY\"><strong><span style=\"color: #0000ff;\"><span style=\"color: #0000ff;\">Rayos gamma<\/span><\/span><\/strong><\/a><\/p>\n<p>El instrumento que ha tenido m\u00e1s repercusi\u00f3n en el desarrollo de la astrof\u00edsica es el telescopio. Los primeros telescopios, concebidos a principios del siglo XVII, fueron simples anteojos que nos permit\u00edan acercar nuestra mirada a objetos como planetas y estrellas. Durante varios siglos el dise\u00f1o de estos instrumentos fue mejorando con el objetivo de obtener im\u00e1genes con mayor resoluci\u00f3n, m\u00e1s n\u00edtidas y luminosas. La observaci\u00f3n cient\u00edfica del cielo en longitudes de onda lejanas de aquellas visibles para el ojo humano se inici\u00f3 hace menos de cien a\u00f1os. En concreto, la astronom\u00eda de rayos gamma comenz\u00f3 a finales de la decada de los a\u00f1os 60 del siglo pasado. Estos nuevos instrumentos nos revelaron un universo que hab\u00eda permanecido oculto hasta el momento. Un universo plagado de fen\u00f3menos violentos, altamente energ\u00e9ticos, cuyo estudio nos est\u00e1 permitiendo desentra\u00f1ar la f\u00edsica de un sinn\u00famero de objetos diferentes: agujeros negros, estrellas de neutrones en rotaci\u00f3n, estrellas binarias, explosiones estelares, etc. En su charla, Miguel A. S\u00e1nchez Conde nos habla de la astronom\u00eda de rayos gamma y de como \u00e9sta nos ayuda no solo a comprender muchos sistemas astrof\u00edsicos si no tambi\u00e9n a explorar la misteriosa materia oscura.<\/p>\n<p>&nbsp;<\/p>\n<p>[youtube]https:\/\/www.youtube.com\/watch?v=qwxkz7fh-cY[\/youtube]<\/p>\n","protected":false},"excerpt":{"rendered":"<p>Charlas de los investigadores del programa de Atracci\u00f3n de Talento de la Comunidad de Madrid (Modalidad I) Daniel Are\u00e1n, Guillermo Ballesteros, y Miguel A. S\u00e1nchez-Conde en el ciclo de conferencias de la residencia de estudiantes \u201cEl horizonte de la F\u00edsica Fundamental\u201d. &nbsp; Superconductividad de alta temperatura y teor\u00eda de cuerdas La superconductividad es una propiedad de algunos materiales que permite la conducci\u00f3n de corriente el\u00e9ctrica sin resistencia. Los materiales superconductores tienen, adem\u00e1s, tendencia a \u00abexpulsar\u00bb a su exterior el campo magn\u00e9tico. Estas propiedades inusuales han permitido desarrollar sorprendentes aplicaciones tecnol\u00f3gicas, como por ejemplo trenes de levitaci\u00f3n magn\u00e9tica. Los superconductores m\u00e1s\u2026<\/p>\n","protected":false},"author":215,"featured_media":0,"comment_status":"open","ping_status":"open","sticky":false,"template":"","format":"standard","meta":{"ngg_post_thumbnail":0},"categories":[43],"tags":[],"blocksy_meta":{"styles_descriptor":{"styles":{"desktop":"","tablet":"","mobile":""},"google_fonts":[],"version":4}},"aioseo_notices":[],"_links":{"self":[{"href":"https:\/\/www.madrimasd.org\/blogs\/talento-cm-uam\/wp-json\/wp\/v2\/posts\/83"}],"collection":[{"href":"https:\/\/www.madrimasd.org\/blogs\/talento-cm-uam\/wp-json\/wp\/v2\/posts"}],"about":[{"href":"https:\/\/www.madrimasd.org\/blogs\/talento-cm-uam\/wp-json\/wp\/v2\/types\/post"}],"author":[{"embeddable":true,"href":"https:\/\/www.madrimasd.org\/blogs\/talento-cm-uam\/wp-json\/wp\/v2\/users\/215"}],"replies":[{"embeddable":true,"href":"https:\/\/www.madrimasd.org\/blogs\/talento-cm-uam\/wp-json\/wp\/v2\/comments?post=83"}],"version-history":[{"count":14,"href":"https:\/\/www.madrimasd.org\/blogs\/talento-cm-uam\/wp-json\/wp\/v2\/posts\/83\/revisions"}],"predecessor-version":[{"id":102,"href":"https:\/\/www.madrimasd.org\/blogs\/talento-cm-uam\/wp-json\/wp\/v2\/posts\/83\/revisions\/102"}],"wp:attachment":[{"href":"https:\/\/www.madrimasd.org\/blogs\/talento-cm-uam\/wp-json\/wp\/v2\/media?parent=83"}],"wp:term":[{"taxonomy":"category","embeddable":true,"href":"https:\/\/www.madrimasd.org\/blogs\/talento-cm-uam\/wp-json\/wp\/v2\/categories?post=83"},{"taxonomy":"post_tag","embeddable":true,"href":"https:\/\/www.madrimasd.org\/blogs\/talento-cm-uam\/wp-json\/wp\/v2\/tags?post=83"}],"curies":[{"name":"wp","href":"https:\/\/api.w.org\/{rel}","templated":true}]}}