{"id":148298,"date":"2016-07-05T16:08:23","date_gmt":"2016-07-05T15:08:23","guid":{"rendered":"http:\/\/www.madrimasd.org\/blogs\/universo\/?p=148298"},"modified":"2016-07-07T12:53:37","modified_gmt":"2016-07-07T11:53:37","slug":"brexit-y-cambio-climatico","status":"publish","type":"post","link":"https:\/\/www.madrimasd.org\/blogs\/universo\/2016\/07\/05\/148298","title":{"rendered":"Brexit y Cambio Clim\u00e1tico"},"content":{"rendered":"<p><img decoding=\"async\" class=\"ngg-singlepic ngg-center aligncenter\" src=\"https:\/\/www.madrimasd.org\/blogs\/universo\/wp-content\/blogs.dir\/42\/files\/1123\/brexit-cambio-climatico.jpg\" alt=\"brexit-cambio-climatico\" width=\"510\" height=\"390\" \/><\/p>\n<p style=\"text-align: justify;\">\u00daltimamente, al margen de que no puedo evitar que mi indignaci\u00f3n aumente inexorablemente por el estado del mundo y su deplorable gobernanza, los palabros <span style=\"color: #3366ff;\">\u201c<strong>cambio clim\u00e1tico<\/strong><\/span>\u201d me persiguen hasta en sue\u00f1os, que as\u00ed devienen en pesadillas. Y no se trata tan solo de los que se aprovechan <strong>\u201c<span style=\"color: #3366ff;\">que todo afecte al clima<\/span>\u201d <span style=\"color: #3366ff;\">para publicar bastante basura cient\u00edfica, sino que los medios de comunicaci\u00f3n es decir, TV, radio, peri\u00f3dicos, etc., le dan vueltas al mismo tema de forma patol\u00f3gicamente obsesiva<\/span><\/strong><span style=\"color: #3366ff;\">. <strong>Y peor a\u00fan<\/strong><\/span>, es el caso de los pol\u00edticos y gobiernos, a los que tan solo les interesan las finanzas y alg\u00fan que otro tema a\u00fan m\u00e1s oscuro. Presiento (por no decir \u201cestoy completamente seguro\u201d) <span style=\"color: #3366ff;\"><strong>que en Europa el clima social tambi\u00e9n se calienta<\/strong><\/span>, por lo que a los ciudadanos les sale humo por sus cabezas. Para mayor desgracia, a pa\u00edses como Espa\u00f1a, han llegado ya las olas de calor que disparan las alertas rojas.\u00a0 <span style=\"color: #3366ff;\"><strong>Andamos todos muy pero que muy calientes. \u00a1Claro est\u00e1, la culpa es del calentamiento clim\u00e1tico, pero de todo tipo!<\/strong> <\/span>\u00a1Esto est\u00e1 que hierve!<span style=\"color: #3366ff;\"> <strong>Y aqu\u00ed<\/strong><\/span>, para que se evapore hasta el agua del mar,<span style=\"color: #3366ff;\">\u00a0 <strong>entra en juego la famosa y temida diplomacia brit\u00e1nica<\/strong><span style=\"color: #000000;\">, hipocres\u00eda pura maquillada con la sublime elegancia de los <em>gentlemen<\/em> (caballeros) brit\u00e1nicos. <\/span><\/span><strong><span style=\"color: #3366ff;\">Por Europa, a los palabros aludidos, debemos a\u00f1adir desde hace unas semanas otro acr\u00f3nimo<\/span> <span style=\"color: #3366ff;\">que martillea inmisericordemente nuestros o\u00eddos<\/span><\/strong>: <a href=\"https:\/\/es.wikipedia.org\/wiki\/Salida_del_Reino_Unido_de_la_Uni%C3%B3n_Europea\">Brexit, Brexit. Brexit Brexit, Brexit<\/a>. \u00a1Voy a volverme loco! Y claro est\u00e1, <span style=\"color: #3366ff;\"><strong>la combinaci\u00f3n de ambas torturas posee un efecto multiplicador. Veamos a lo que me refiero<\/strong><\/span>.<\/p>\n<p style=\"text-align: justify;\">\u00a0Hace pocos d\u00edas, como podr\u00e9is leer m\u00e1s abajo, me lleg\u00f3 desde USA una noticia lanzada por La City (\u201cLondres\u201d) que me ha dejado perplejo. Esta lleva por t\u00edtulo: \u201cEl\u00a0<strong><span style=\"color: #3366ff;\">Brexit arroja una llave inglesa contra la pol\u00edtica clim\u00e1tica de la UE<\/span><\/strong><span style=\"color: #000000;\">\u201d<\/span> (<a href=\"http:\/\/www.terradaily.com\/reports\/Brexit_throws_spanner_into_EU_climate_policy_999.html\">Brexit throws spanner into EU climate policy<\/a>). Un evidencia palmaria m\u00e1s de como se las gasta la mentada diplomacia envenenada. <span style=\"color: #3366ff;\"><strong>El Reino Unido resulta ser uno de los pa\u00edses de la Uni\u00f3n Europea que m\u00e1s leyes ambientales incumple<\/strong><span style=\"color: #000000;\">, pero echando su ponzo\u00f1a y propaganda tendenciosa a los dem\u00e1s.<\/span> <strong>Tras casi dos decenios colaborando con organismos de la UE, puedo asegurar que hubo un antes y un despu\u00e9s del desembarco brit\u00e1nico<\/strong><\/span>, que poco se asemeja al de Normand\u00eda (II Guerra Mundial). Viv\u00edamos, con anterioridad de tan nefasto acontecimiento, reuniones moderadamente agradables y con esp\u00edritu de colaboraci\u00f3n en las tareas que realiz\u00e1bamos. Empero <span style=\"color: #3366ff;\"><strong>al aterrizar los <em>British<\/em>, todo se convirti\u00f3 en un puro mercadeo \u00abconspiranoico\u00bb<\/strong><\/span>, de los que ellos siempre sal\u00edan beneficiados en detrimento de \u201ctodos los dem\u00e1s\u201d.\u00a0 <span style=\"color: #3366ff;\"><strong>\u00bfOpini\u00f3n personal gratuita y fuera de contexto? Ve\u00e1moslo<\/strong><\/span>.<\/p>\n<p><span style=\"color: #3366ff;\">\u00a0<strong>Christine Lagarde<\/strong><\/span> directora del\u00a0<a title=\"Fondo Monetario Internacional\" href=\"https:\/\/es.wikipedia.org\/wiki\/Fondo_Monetario_Internacional\">Fondo Monetario Internacional<\/a>\u00a0(FMI) desde el\u00a0<a title=\"5 de julio\" href=\"https:\/\/es.wikipedia.org\/wiki\/5_de_julio\">5 de julio<\/a>\u00a0de\u00a0<a title=\"2011\" href=\"https:\/\/es.wikipedia.org\/wiki\/2011\">2011<\/a>, <a href=\"http:\/\/www.elmundo.com.ve\/noticias\/economia\/internacional\/lagarde-insto-a-ue-a-emprender-proyectos-que-el-re.aspx\">acaba de animar a la Uni\u00f3n Europea a que<\/a> \u2026..<\/p>\n<p style=\"text-align: justify;\">\u00a0<em>La directora general del Fondo Monetario Internacional (FMI), Christine Lagarde, inst\u00f3 este domingo a la Uni\u00f3n Europea (UE) a <span style=\"color: #3366ff;\"><strong>poner en marcha aquellos proyectos e iniciativas que supuestamente frenaba el Reino Unido<\/strong><\/span>, una vez se haya consumado su salida. En una conferencia en los Encuentros Econ\u00f3micos de Aix-en-Provence (sur de Francia), Lagarde reflexion\u00f3 sobre \u00ab<span style=\"color: #3366ff;\"><strong>tantas cosas que he escuchado una y otra vez a los comisarios europeos decir que no se pod\u00edan hacer a causa de los brit\u00e1nicos<\/strong>\u00bb <strong>y que cuando dejen de estar \u00absentados en la misma mesa\u00bb deber\u00edan emprenderse<\/strong><\/span><\/em>.<\/p>\n<p style=\"text-align: justify;\">\u00a0<strong style=\"text-align: justify;\"><span style=\"color: #3366ff;\">\u00bfVen ustedes? \u00a1Sin comentarios!<\/span>.<\/strong><span style=\"text-align: justify;\"> Bueno,\u00a0 mejor tan solo espetar uno: por una vez, y sin que sirva de precedente, estoy de acuerdo con la \u201cregenta\u201d del FMI. <\/span><span style=\"color: #3366ff;\"><strong>Pero veamos como los brit\u00e1nicos calientan el clima<\/strong><\/span><span style=\"text-align: justify;\">. Seg\u00fan la nota de prensa, <\/span><strong style=\"text-align: justify;\"><span style=\"color: #3366ff;\">aunque para un gobierno conservador en UK, ratificar y\/o poner en marcha los acuerdos previamente alcanzados o por alcanzar en lo referente al clima, no ser\u00e1n prioritarios, ellos cumplir\u00e1n con lo pactado. \u00bfPero lo han hecho alguna vez? Ahora bien, advierten en USA que no ocurrir\u00e1 lo mismo en la UE , si \u201csiguiendo su honorable ejemplo\u201d<\/span> <\/strong><span style=\"text-align: justify;\">(de exigir siempre ser especiales y los mejor tratados en cualquier acuerdo, pasado, presente o futuro), otros pa\u00edses en los que los ciudadanos xen\u00f3fobos y fascistas (no lo digo yo, sino la nota de prensa como podr\u00e9is comprobar), tambi\u00e9n logran que sus pa\u00edses se salgan de la UE. Resumiendo, al parecer ellos son muy limpios (tema que podr\u00eda demostrarse que es absolutamente falso, hasta en la <\/span><a style=\"text-align: justify;\" href=\"http:\/\/www.kantarworldpanel.com\/es\/Noticias\/espanoles-europeos-mas-nos-cuidamos\">higiene personal<\/a><span style=\"text-align: justify;\">, como <\/span><a style=\"text-align: justify;\" href=\"http:\/\/elpais.com\/elpais\/2015\/06\/28\/actualidad\/1435483359_779060.html\">por ejemplo la ducha<\/a><span style=\"text-align: justify;\">, ya que as\u00ed lo indican diversas estad\u00edstica), mientras que los dem\u00e1s unos puercos (cerdos). Sin embargo, reiteramos que respecto (por ejemplo), a las<\/span><span style=\"color: #3366ff;\"> <strong>emisiones de carbono<\/strong> <\/span><span style=\"text-align: justify;\">que nos ponen \u201ccalentitos\u201d, tras Alemania, <\/span><a style=\"text-align: justify;\" href=\"http:\/\/vidamasverde.com\/2012\/cuales-son-los-paises-mas-responsables-del-cambio-climatico\/\">el Reino Unido se encuentra en el \u201c<em>Top ten<\/em>\u201d mundial, y por lo tanto tiene el dudoso honor de ser uno de los Estados m\u00e1s responsables del cambio clim\u00e1tico<\/a><span style=\"text-align: justify;\">. No ser\u00e9 yo quien defienda a Espa\u00f1a u otros pa\u00edses, y menos a\u00fan el que vincule cualquier tema, divino o humano, al calentamiento clim\u00e1tico. No obstante, ahora que acaba de producirse el <\/span><a style=\"text-align: justify;\" href=\"https:\/\/es.wikipedia.org\/wiki\/Salida_del_Reino_Unido_de_la_Uni%C3%B3n_Europea\">Brexit, Brexit. Brexit Brexit, Brexit<\/a><span style=\"text-align: justify;\">, que desde UK los <\/span><em style=\"text-align: justify;\">british<\/em><span style=\"text-align: justify;\"> comiencen ya a echar basura sobre los dem\u00e1s, y pretendan guardar la suya propia bajo su felpudo, dice mucho acerca de c\u00f3mo funciona la diplomacia brit\u00e1nica. No entraremos aqu\u00ed a hablar de temas econ\u00f3micos y menos a\u00fan de este del que no sabemos qui\u00e9n saldr\u00e1 peor parado. <\/span><strong style=\"text-align: justify;\"><span style=\"color: #3366ff;\">En cualquier caso, con independencia de lo que ocurra en la isla, puedo asegurar que en la Comisi\u00f3n Europea se trabajar\u00e1 mejor, con m\u00e1s calma y sin tanto trapicheo, si impiden que los British que usualmente ven\u00eda a traveseando e<\/span><span style=\"color: #3366ff;\">l<\/span>\u00a0<\/strong><a style=\"text-align: justify;\" href=\"https:\/\/es.wikipedia.org\/wiki\/Canal_de_la_Mancha\">cana l<\/a><span style=\"color: #3366ff;\"><strong>a\u00a0 nado de queden all\u00ed tranquilitos y sin tocar las narices<\/strong><\/span><span style=\"text-align: justify;\">.<\/span><\/p>\n<p style=\"text-align: justify;\"><span style=\"color: #800000;\">\u00a0<em>Dime de que presumes y te dir\u00e1 de qu\u00e9 careces.<\/em><\/span><\/p>\n<p style=\"text-align: justify;\">Ahora bien al otro lado del <a href=\"https:\/\/es.wikipedia.org\/wiki\/Canal_de_la_Mancha\">canal<\/a>, es decir el la rivera continental, tampoco se quedan mancos, aunque no he le\u00eddo menci\u00f3n alguna al cambio clim\u00e1tico. Por ejemplo, la siguiente noticia del<span style=\"color: #3366ff;\"> <strong>diario el Mundo<\/strong><\/span> resulta ser bastante ilustrativa: \u201c<a href=\"http:\/\/www.elmundo.es\/internacional\/2016\/07\/04\/577a29c346163fcd468b4588.html\">El defensor del Brexit Nigel Farage dimite como l\u00edder del UKIP<\/a>\u201d. En ella puede leerse:<\/p>\n<p style=\"text-align: justify;\"><em><a href=\"http:\/\/www.elmundo.es\/internacional\/2016\/06\/25\/576d3683e2704e947d8b45b0.html\">Nigel Farage<\/a>\u00a0tambi\u00e9n arroja la toalla. El l\u00edder del Partido de la Independencia del <a href=\"http:\/\/www.elmundo.es\/internacional\/reino-unido.html\">Reino Unido<\/a>\u00a0(Ukip) ha anunciado inesperadamente su dimisi\u00f3n alegando que\u00a0su ambici\u00f3n pol\u00edtica ha sido \u00abcumplida\u00bb, aunque seguir\u00e1 presionando \u00abpara salir lo antes posible de la\u00a0<a href=\"http:\/\/www.elmundo.es\/e\/un\/union-europea-ue.html\">Uni\u00f3n Europea<\/a><\/em>\u00ab. Tiene tanta prisa el chaval que hasta uno podr\u00eda sospechar\u2026..<\/p>\n<p style=\"text-align: justify;\">\u00a0Cierto es que en algunos de los partidos mayoritarios de UK ha rodado alguna cabeza. Ahora bien, que el l\u00edder de una formaci\u00f3n pol\u00edtica que ha conseguido su objetivo dimita, no deber\u00eda calificarse con frases del tipo \u201crodar cabezas\u201d o \u201carrojar la toalla\u201d. \u00bfNo ha conseguido su objetivo?. De hecho lo l\u00f3gico es que el partido termine desapareciendo, por cuanto no existe raz\u00f3n conocida para que persista en el espectro pol\u00edtico brit\u00e1nico. De perseverar, se tratar\u00eda ya no de un <a href=\"https:\/\/es.wikipedia.org\/wiki\/Salida_del_Reino_Unido_de_la_Uni%C3%B3n_Europea\">Brexit, Brexit. Brexit Brexit, Brexit<\/a>, sino no de la manifestaci\u00f3n de un odio patol\u00f3gico contra todos los pa\u00edses del continente, por lo que habr\u00eda que tener mucho cuidado. Por ejemplo, los continentales podr\u00edamos pensar que lo que desean realmente es una guerra, ya fuera de \u00edndole financiera o \u00a1b\u00e9lica! Guau\u2026.. y por lo<strong> <\/strong>tanto, la UE deber\u00eda prepararse para ir\u00a0 \u201ca las trincheras\u201d.<\/p>\n<p style=\"text-align: justify;\">\u00a0<span><strong><span style=\"color: #3366ff;\">Ya no me queda la menor duda de que el cambio clim\u00e1tico ha llegado. Lo que ignoro es si comenz\u00f3 en nuestros\u00a0calenturientos\u00a0ceberos y se extendi\u00f3 al resto de la biosfera o \u00a1viceversa!<\/span><\/strong><\/span>. Reitero, como ya han apuntado algunos analistas, que al parecer \u201cen Europa ya no queda vida inteligente\u201d. \u00a1Extinci\u00f3n total!. As\u00ed son los <em>british<\/em> y como ejemplo os expongo este dicho, al parecer frecuente usado en las islas:<\/p>\n<p>\u201c<em><a href=\"http:\/\/www.curistoria.com\/2010\/07\/el-continente-ha-quedado-aislado.html\">Debido a la niebla en el canal, el continente ha quedado aislado<\/a><\/em>\u201d. A lo que yo a\u00f1adir\u00eda \u00a1<span style=\"color: #3366ff;\"><strong>aleluya, aleluya, aleluya<\/strong><\/span>!. \u00a1Al fin libres! Os dejo abajo la nota de prensa.<\/p>\n<p><span style=\"color: #008000;\">\u00a0<strong>Juan Jos\u00e9 Ib\u00e1\u00f1ez<\/strong><\/span><\/p>\n<p><!--more--><\/p>\n<h2><a href=\"http:\/\/www.terradaily.com\/reports\/Brexit_throws_spanner_into_EU_climate_policy_999.html\">Brexit throws spanner into EU climate policy<\/a><\/h2>\n<p>By Marlowe HOOD; London (AFP) June 28, 2016<\/p>\n<p style=\"text-align: justify;\"><strong>Britain&#8217;s exit from the European<\/strong> <strong>Union may erode the bloc&#8217;s leadership role in fighting climate change and stymie crucial efforts to set more ambitious targets for cutting greenhouse gases, officials and experts said Tuesday<\/strong>.<\/p>\n<p style=\"text-align: justify;\"><strong>The damage will become worse the longer the divorce proceedings drag on, or if Brexit inspires other EU<\/strong> nations to follow suit, they said.<\/p>\n<p style=\"text-align: justify;\">European leaders meeting in Brussels pressured British Prime Minister David Cameron Tuesday to launch the two-year withdrawal process \u00abas soon as possible\u00bb, but the embattled premier has vowed he will leave that task to a successor to be named on September 9. When it comes to <strong>EU climate policy<\/strong>, \u00abthere is going to be quite a bit of uncertainty, transition and volatility for at least two years,\u00bb the UN&#8217;s outgoing climate chief, <strong>Christiana Figueres, told delegates to the Climate and Business Summit 2016<\/strong> in London on Tuesday.<\/p>\n<p style=\"text-align: justify;\"><strong>Britain&#8217;s own emissions reduction commitments &#8212; set in national law &#8212; are not likely to budge, even if global warming is unlikely to figure at the top of a new Conservative government&#8217;s agenda<\/strong>.\u00a0<strong>On the other side of the Channel, however, the impact could be significant, especially if other countries follow the UK&#8217;s example<\/strong>.<\/p>\n<p style=\"text-align: justify;\"><span style=\"color: #0000ff;\"><em>Los propios compromisos de la Gran Breta\u00f1a sobre la reducci\u00f3n de emisiones &#8211; establecidos en la legislaci\u00f3n nacional &#8211; no son propensos a ser alterados, incluso si el calentamiento global es poco probable que figura en la parte superior de la agenda de un nuevo gobierno conservador<\/em>.<\/span><\/p>\n<p style=\"text-align: justify;\"><a href=\"https:\/\/es.wikipedia.org\/wiki\/Canal_de_la_Mancha\"><em>En el otro lado del canal<\/em><\/a><em>, sin embargo, el impacto podr\u00eda ser significativo, especialmente si otros pa\u00edses siguen el ejemplo del Reino Unido.<\/em><\/p>\n<p style=\"text-align: justify;\">At a minimum it will create an accounting and administrative quagmire for governments because the formerly 28-nation bloc&#8217;s climate change commitments &#8212; inscribed in the landmark 2015 Paris Agreement &#8212; will need to be recalculated for the remaining 27 members. \u00abThe EU would have to look at some recalibration of the effort on burden sharing,\u00bb said Figueres, referring to the internal negotiations on how European states divvy up the carbon reduction targets of the bloc as a whole.<\/p>\n<p style=\"text-align: justify;\"><em><span style=\"color: #0000ff;\">Como m\u00ednimo se crear\u00e1 una rendici\u00f3n de cuentas en la ci\u00e9naga administrativa para \u00a0los gobiernos debido a compromisos sobre el cambio clim\u00e1tico antes de que el bloque de 28 naciones &#8211; inscritas en el Acuerdo de Par\u00eds hito 2015 se convierta en uno de 286 o menos &#8211; tendr\u00e1n que ser recalculado para los 27 miembros restantes de momento.\u00a0<\/span><\/em><em>\u00ab<span style=\"color: #0000ff;\">La UE tendr\u00eda que buscar en alg\u00fan recalibraci\u00f3n del esfuerzo de distribuci\u00f3n de la carga\u00bb, dijo Figueres, en referencia a las negociaciones internas sobre c\u00f3mo los Estados Europea repartir los objetivos de reducci\u00f3n de carbono del bloque en su conjunto.<\/span><\/em><\/p>\n<p style=\"text-align: justify;\">New terms must likewise be negotiated for Britain &#8212; which imports nearly half its energy needs &#8212; for access to the European energy market.Brexit will also be a major headache for businesses keyed into climate- and energy-related sectors. \u00abWithin the business community, the amount of management time that will be unnecessarily spent on this issue will distract from the very critical decisions we need to make,\u00bb said <strong>Peter Sweatman, CEO of Climate Strategy, an international consulting firm based in Spain<\/strong>. In a highly competitive international environment, \u00abwe don&#8217;t have the luxury of focusing on non-productive things,\u00bb he said on the margins of the two-day London conference.\u00a0<strong>Some analysts worry that Britain&#8217;s exit will cripple the EU&#8217;s ability to increase its carbon-cutting goals<\/strong> &#8212; something scientists say all major emitters must do if Earth is to avoid calamitous climate change impacts. \u00abThe role of Europe as a key political driver in setting ambition will be lowered,\u00bb said Nick Mabey, chief executive of E3G, a London-based environmental think tank.<\/p>\n<p style=\"text-align: justify;\"><em><span style=\"color: #0000ff;\">El papel ambicioso de Europa como conductor pol\u00edtico clave en el establecimiento esta iniciativa se reducir\u00e1 \u00ab, dijo Nick Mabey, presidente ejecutivo de E3G, un centro de estudios ambientales con sede en Londres<\/span>.<\/em><\/p>\n<p style=\"text-align: justify;\">\u00abThat will lower the overall global drive,\u00bb he told AFP. \u00abPretty soon you find everyone veering off course for two degrees, and that&#8217;s when you get into dangerous zones of climate change.\u00bb\u00a0<strong>The Paris pact<\/strong> &#8212; headed for <strong>ratification later this year or in early 2017<\/strong> &#8212; calls for capping global warming at well below two degrees Celsius (3.6 degrees Fahrenheit), and 1.5 C (2.7 F) if possible. But voluntary national pledges from some 190 nations to cut carbon pollution would still see Earth&#8217;s surface heat up by 3 C (5.4 F), compared to a pre-Industrial era benchmark. How to close that \u00abemissions gap\u00bb is arguably the most urgent question on the international climate agenda. Historically, Europe &#8212; led in part by Britain &#8212; was a leader in the fight against global warming, often acting as mediator between other nations bickering over how to share out responsibility.<\/p>\n<p style=\"text-align: justify;\"><em><span style=\"color: #0000ff;\">Hist\u00f3ricamente, Europa &#8211; llevado en parte por Gran Breta\u00f1a &#8211; fue un l\u00edder en la lucha contra el calentamiento global, a menudo actuando como mediador entre otras naciones discutiendo sobre la forma de repartir la responsabilidad<\/span> (<span style=\"color: #800000;\">esto es absolutamente falso<\/span>).<\/em><\/p>\n<p style=\"text-align: justify;\">For European advocates of aggressive climate action, the nightmare scenario is further unravelling of the EU. Far-right parties rising in the polls in the Netherlands and France, for example, have already called for Brexit-style referendums. \u00abIf Europe really started to disintegrate, it would be hard to maintain any of its continent-wide policies &#8212; car standards, clean energy, the energy market,\u00bb Mabey said.<\/p>\n<p style=\"text-align: justify;\"><span style=\"color: #0000ff;\"><em>Para los defensores europeos el peor escenario m\u00e1s oscuro que la propia acci\u00f3n sobre el clima devendr\u00eda de la desintegraci\u00f3n de la UE. Por parte de los partidos de extrema si aumentan sus votos en las \u00a0urnas como podr\u00eda ser el caso de los Pa\u00edses Bajos, Francia y Austria, que por ejemplo, ya han llamado a referendos de estilo Brexit.\u00a0<\/em><\/span><em><span style=\"color: #0000ff;\">\u00abSi Europa realmente comenz\u00f3 a desintegrarse, ser\u00eda dif\u00edcil de mantener cualquiera de sus pol\u00edticas en todo el continente &#8211; normas para veh\u00edculos, energ\u00eda limpia, el mercado de la energ\u00eda,\u00bb dijo Mabey<\/span>.<\/em><\/p>\n","protected":false},"excerpt":{"rendered":"<p>\u00daltimamente, al margen de que no puedo evitar que mi indignaci\u00f3n aumente inexorablemente por el estado del mundo y su deplorable gobernanza, los palabros \u201ccambio clim\u00e1tico\u201d me persiguen hasta en sue\u00f1os, que as\u00ed devienen en pesadillas. Y no se trata tan solo de los que se aprovechan \u201cque todo afecte al clima\u201d para publicar bastante basura cient\u00edfica, sino que los medios de comunicaci\u00f3n es decir, TV, radio, peri\u00f3dicos, etc., le dan vueltas al mismo tema de forma patol\u00f3gicamente obsesiva. Y peor a\u00fan, es el caso de los pol\u00edticos y gobiernos, a los que tan solo les interesan las finanzas y\u2026<\/p>\n","protected":false},"author":26,"featured_media":0,"comment_status":"open","ping_status":"open","sticky":false,"template":"","format":"standard","meta":{"ngg_post_thumbnail":0},"categories":[618,615,606,595],"tags":[47896,46647],"blocksy_meta":{"styles_descriptor":{"styles":{"desktop":"","tablet":"","mobile":""},"google_fonts":[],"version":4}},"aioseo_notices":[],"_links":{"self":[{"href":"https:\/\/www.madrimasd.org\/blogs\/universo\/wp-json\/wp\/v2\/posts\/148298"}],"collection":[{"href":"https:\/\/www.madrimasd.org\/blogs\/universo\/wp-json\/wp\/v2\/posts"}],"about":[{"href":"https:\/\/www.madrimasd.org\/blogs\/universo\/wp-json\/wp\/v2\/types\/post"}],"author":[{"embeddable":true,"href":"https:\/\/www.madrimasd.org\/blogs\/universo\/wp-json\/wp\/v2\/users\/26"}],"replies":[{"embeddable":true,"href":"https:\/\/www.madrimasd.org\/blogs\/universo\/wp-json\/wp\/v2\/comments?post=148298"}],"version-history":[{"count":12,"href":"https:\/\/www.madrimasd.org\/blogs\/universo\/wp-json\/wp\/v2\/posts\/148298\/revisions"}],"predecessor-version":[{"id":148311,"href":"https:\/\/www.madrimasd.org\/blogs\/universo\/wp-json\/wp\/v2\/posts\/148298\/revisions\/148311"}],"wp:attachment":[{"href":"https:\/\/www.madrimasd.org\/blogs\/universo\/wp-json\/wp\/v2\/media?parent=148298"}],"wp:term":[{"taxonomy":"category","embeddable":true,"href":"https:\/\/www.madrimasd.org\/blogs\/universo\/wp-json\/wp\/v2\/categories?post=148298"},{"taxonomy":"post_tag","embeddable":true,"href":"https:\/\/www.madrimasd.org\/blogs\/universo\/wp-json\/wp\/v2\/tags?post=148298"}],"curies":[{"name":"wp","href":"https:\/\/api.w.org\/{rel}","templated":true}]}}