{"id":151472,"date":"2022-03-16T12:31:37","date_gmt":"2022-03-16T11:31:37","guid":{"rendered":"http:\/\/www.madrimasd.org\/blogs\/universo\/?p=151472"},"modified":"2022-05-30T12:55:30","modified_gmt":"2022-05-30T11:55:30","slug":"protocolos-y-convenciones-sobre-biodiversidad-ecologica-son-utiles","status":"publish","type":"post","link":"https:\/\/www.madrimasd.org\/blogs\/universo\/2022\/03\/16\/151472","title":{"rendered":"Protocolos y Convenciones sobre Biodiversidad Ecol\u00f3gica  \u00bfSon \u00datiles?"},"content":{"rendered":"<p align=\"center\"><img decoding=\"async\" class=\"ngg-singlepic ngg-center\" src=\"https:\/\/www.madrimasd.org\/blogs\/universo\/wp-content\/blogs.dir\/42\/files\/405\/biodiversidad-y-politica-mentirosa.jpg\" alt=\"biodiversidad-y-politica-mentirosa\" width=\"1151\" height=\"895\"><\/p>\n<p align=\"center\"><span style=\"color: #0000ff\">Biodiversidad y Pol\u00edtica. Fuente: Colaje Im\u00e1genes Google<\/span><\/p>\n<p><span style=\"color: #800000\"><em>Esta entrada fue redactada, aunque no editada, en Octubre de 2020, pero aun as\u00ed sigue siendo vigente: Todo debe cambiar para que todo sigua igual&nbsp;<\/em><\/span><\/p>\n<p style=\"text-align: justify\">En un post que editaremos muy pronto: \u00ab<strong><span style=\"color: #008000\">\u00a1Parques y reservas Naturales! \u00bfPara qu\u00e9?<\/span><\/strong>\u201d, comentaremos que <span style=\"color: #0000ff\"><strong><span style=\"color: #3366ff\">los esfuerzos humanos por limitar la degradaci\u00f3n de la naturaleza y ampliar las \u00e1reas protegidas ha sido hasta el momento un <span style=\"color: #008000\">rotundo fracaso<\/span><\/span><\/strong><span style=\"color: #3366ff\">. <strong>No se trata de firmar convenciones y proponer nuevas reservas\/parques &nbsp;naturales, sino de cumplir lo firmado, es decir comenzar \u201cde una vez por todas\u201d el esfuerzo \u201creal\u201d con vistas a cumplir lo acordado<\/strong><\/span><\/span>. Empero raramente ocurre. Hoy abordaremos el tema m\u00e1s concreto de la <span style=\"color: #3366ff\"><strong>biodiversidad<\/strong><\/span>, aunque la respuesta sea la misma. Como se alega en la primera nota de prensa que os mostramos hoy \u201c<span style=\"color: #3366ff\"><strong><em>No se han cumplido ninguno de los objetivos de conservaci\u00f3n de la biodiversidad para 2020<\/em><\/strong><\/span>\u201d. \u00bfY qu\u00e9 esperabais? Estoy convencido que el objetivo ocultos de estos art\u00edculos son publicar y engrosar nuestros curr\u00edculos profesionales<strong>. <\/strong><a href=\"https:\/\/www.madrimasd.org\/blogs\/universo\/2019\/12\/02\/150868\">El incumplimiento de estos asuntos ceremoniales es la regla, que no la excepci\u00f3n<\/a>. El problema resulta ser antiguo y este refr\u00e1n espa\u00f1ol lo atestigua claramente desde hace siglos: <a href=\"https:\/\/www.significados.com\/obras-son-amores-y-no-buenas-razones\/#:~:text=El%20refr%C3%A1n%20popular%20%E2%80%9CObras%20son,por%20bien%20fundadas%20que%20est%C3%A9n.&amp;text=El%20dicho%20puede%20usarse%20como,las%20palabras%20y%20los%20actos.\">Obras son amores, y no buenas razones, una comedia del escritor del Siglo de Oro espa\u00f1ol<\/a>, <a href=\"https:\/\/es.wikipedia.org\/wiki\/Lope_de_Vega\">Lope de Vega<\/a>. Sinceramente, lamentarse y recordar a un mentiroso que no ha cumplido su promesa no nos lleva m\u00e1s que mostrar nuestra tontuna \u201c<em>ad nausean<\/em>\u201d. Pues bien, <a href=\"https:\/\/dle.rae.es\/tontuna\">yo no voy a esbozar ning\u00fan elogio a la tontuna<\/a>. Sabemos el comportamiento de la clase pol\u00edtica en los temas que no tienen como resultados inmediatos, beneficios y riquezas. Eso s\u00ed, a la hora de redactar estos <em>papers<\/em>, por pedir, exigir y rasgarse las vestiduras, que no quede. Y aqu\u00ed emerge del olvido el eslogan de mayo del 68 franc\u00e9s: <a href=\"https:\/\/www.nuevatribuna.es\/articulo\/mundo\/mayo68-mayofrances-nochebarricadas-revolucion-paris\/20180510090155151734.html\">Se realista, pide lo imposible<\/a>, frase que me agrada, empero no cuando se convierte en la interminable cantinela de los cegatos, por no hablar de una <span style=\"color: #3366ff\"><strong>pandemia global<\/strong><\/span>.<\/p>\n<p style=\"text-align: justify\"><span style=\"color: #3366ff\"><strong>La primera nota de prensa<\/strong><\/span> propone \u201c<em>fijar una restauraci\u00f3n \u201cestricta\u201d de ecosistemas, tanto en las tierras naturales como en las ya intervenidas, minimizar la p\u00e9rdida de especies, conservar el 90 por ciento de la diversidad gen\u00e9tica y garantizar la amplia gama de contribuciones de la naturaleza a las personas<\/em>\u201d. <span style=\"color: #3366ff\"><strong>\u00a1Qu\u00e9 ingenuidad!<\/strong><\/span> Se trata de algo as\u00ed como pedir al depredador que deje de comerse a las presas, por caridad, aunque se muera de inanici\u00f3n. &nbsp;Luego se persiste en hablar, y aplicar algunos principios de la denominada<span style=\"color: #3366ff\"> <strong>ecolog\u00eda de la restauraci\u00f3n<\/strong>. <strong>La restauraci\u00f3n estricta resulta ser imposible, por cuanto<\/strong><\/span> lo ecosistemas son productos no lineales de una historia casi desconocida. \u201cExigimos\u201d a los pol\u00edticos, que han labrado un sistema socio-geo-pol\u00edtico insustentable con mucho esmero, que lleven a cabo justamente lo contrario de las tareas que nos han conducido en una direcci\u00f3n fat\u00eddica; hasta este colosal desastre natural. Justamente<span style=\"color: #0000ff\"><span style=\"color: #3366ff\"> <strong>la segunda noticia<\/strong> <strong>nos da idea de la imposibilidad de una restauraci\u00f3n estricta<\/strong><\/span>. <span style=\"color: #800000\"><strong>\u00bfPor qu\u00e9 las aves de las selvas amaz\u00f3nicas <\/strong><\/span><\/span>(aun consideradas pr\u00edstinas por algunos ingenuos)<strong><span style=\"color: #800000\"> y que toman su alimento del suelo, est\u00e1n mermando o desapareciendo sin raz\u00f3n aparente?<\/span>.<\/strong> Si no se conocen las causas, dif\u00edcilmente podemos ponerles remedio \u00bfno?.<\/p>\n<p style=\"text-align: justify\">Por otro lado, entiendo y comparto la idea de que <span style=\"color: #800000\"><strong>la biodiversidad es un elemento que tambi\u00e9n interviene en el surgimiento de las pandemias<\/strong><\/span>, y como estamos en una de ellas\u2026. Debemos recordarlo, una vez, y otra y otra, <em>ad nauseam<\/em> . Ahora bien, las cantinelas mil veces repetidas terminan asqueando. Como cient\u00edficos, debemos dejar de hacer demagogia y demostrarlo con datos incontestables, no con modelitos y escenarios que pueden cumplirse o no. Y para eso debemos aun trabajar bastante. Sabemos que, con casi con toda seguridad, se da tal relaci\u00f3n, y repetirlo una y otra vez, me sugiere m\u00e1s un acto de aprovechamiento descarado de la cobertura medi\u00e1tica que surg\u00eda y aun permanece tras la pandemia, si es que ha acabado \u00bf\u00bf??. Es&nbsp; decir retornando al refranero, dir\u00edamos que \u201c<a href=\"https:\/\/vallisoletvm.blogspot.com\/2014\/01\/significado-y-posible-origen-de-la.html\">aprovechando que el Pisuerga pasa por Valladolid&#8230;<\/a>\u201d. Y no digo que no sea as\u00ed. Simplemente todo esto no sirve para nada, en el sentido de que siempre suele pararse el discurso aqu\u00ed, para a la postre retornar al: <a href=\"https:\/\/www.nuevatribuna.es\/articulo\/mundo\/mayo68-mayofrances-nochebarricadas-revolucion-paris\/20180510090155151734.html\">Seamos realistas y pidamos lo imposible<\/a>. Y cuando hable la clase pol\u00edtica recordar decirles que \u201c<a href=\"https:\/\/cvc.cervantes.es\/lengua\/refranero\/ficha.aspx?Par=59252&amp;Lng=0\">obras son amores, que no buenas razones<\/a>\u201d.<\/p>\n<p>&nbsp;<span style=\"color: #008000\"><strong>Juan Jos\u00e9 Ib\u00e1\u00f1ez<\/strong><\/span><\/p>\n<p><span style=\"color: #800000\"><em>Contin\u00faa&#8230;&#8230;&#8230;.<\/em><\/span><\/p>\n<p><!--more--><\/p>\n<h2><a href=\"http:\/\/www.madrimasd.org\/notiweb\/noticias\/comunidad-cientifica-llama-doblegar-creciente-curva-perdida-biodiversidad\">La comunidad cient\u00edfica llama a doblegar la creciente curva de perdida de biodiversidad<\/a><\/h2>\n<p><span style=\"color: #800000\"><strong><em>No se han cumplido ninguno de los objetivos de conservaci\u00f3n de la biodiversidad para 2020<\/em><\/strong><\/span><\/p>\n<p style=\"text-align: justify\"><strong>La p\u00e9rdida de biodiversidad limita la capacidad de los ecosistemas para regular epidemias como la que ahora sacude al mundo<\/strong><\/p>\n<p style=\"text-align: justify\">La comunidad cient\u00edfica ha advertido del preocupante deterioro de la naturaleza y ha urgido a la comunidad internacional a <strong>doblegar la curva del alarmante declive de la biodiversidad tras comprobar que ninguno de los objetivos previstos<\/strong> <strong>en la<\/strong>&nbsp;<a href=\"https:\/\/www.un.org\/es\/observances\/biodiversity-day\/convention#:~:text=El%20Convenio%20sobre%20la%20Diversidad,recursos%20gen%C3%A9ticos%22%2C%20que%20ha%20sido\" target=\"_blank\" rel=\"noopener\">Convenci\u00f3n de Diversidad Biol\u00f3gica de la ONU<\/a>&nbsp;<strong>para 2020 se ha cumplido.<\/strong><\/p>\n<p style=\"text-align: justify\">La \u00faltima llamada de atenci\u00f3n de la comunidad cient\u00edfica se lee&nbsp;en la revista&nbsp;<a href=\"https:\/\/www.sciencemag.org\/\" target=\"_blank\" rel=\"noopener\">Science<\/a>, donde un grupo de&nbsp;m\u00e1s de <strong>sesenta cient\u00edficos de casi treinta pa\u00edses&nbsp;alertan de ese declive y de c\u00f3mo la p\u00e9rdida de biodiversidad limita la capacidad de los ecosistemas para regular epidemias como la que ahora sacude al mundo<\/strong>.<\/p>\n<p style=\"text-align: justify\">Convocados por la organizaci\u00f3n internacional \u201c<a href=\"https:\/\/futureearth.org\/\" target=\"_blank\" rel=\"noopener\">Future Earth<\/a>\u201d, sesenta cient\u00edficos que integran la&nbsp;\u201cComisi\u00f3n de la Tierra\u201d&nbsp;-una de las redes de sostenibilidad m\u00e1s grandes del mundo- han corroborado que no se han cumplido ninguno de los objetivos de conservaci\u00f3n de la biodiversidad (que se plasmaron en las \u201cMetas de Aichi\u201d) y han sentado las bases que deber\u00edan a su juicio guiar los nuevos objetivos que se fijar\u00e1 la&nbsp;<a href=\"https:\/\/www.un.org\/es\/\" target=\"_blank\" rel=\"noopener\">ONU<\/a>&nbsp;para 2030 y 2050.<\/p>\n<p style=\"text-align: justify\"><strong>Acci\u00f3n global por la biodiversidad<\/strong><\/p>\n<p style=\"text-align: justify\">La base sobre la que sustentar la conservaci\u00f3n de la biodiversidad deber\u00eda ser una <strong>acci\u00f3n \u201cglobal\u201d para incluir objetivos \u201cm\u00faltiples y ambiciosos\u201d, han observado que los cient\u00edficos, que han incidido en no centrar la lucha contra el deterioro de la naturaleza en una sola faceta, como podr\u00eda ser la extinci\u00f3n de especies<\/strong>.<\/p>\n<p style=\"text-align: justify\">Y han advertido de que <strong>orientar esas metas a un objetivo \u00fanico es \u201cmuy arriesgado\u201d, como lo ser\u00eda<\/strong> -han apuntado- que la lucha contra el cambio clim\u00e1tico se centrara solo a tratar de que el aumento de la temperatura media de la Tierra se sit\u00fae por debajo de los 2 grados.<\/p>\n<p style=\"text-align: justify\">La investigadora argentina Sandra D\u00edaz, autora principal del art\u00edculo que publica Science, ha confiado en que el trabajo de estos cient\u00edficos se convierta en una herramienta \u00fatil de cara a las pr\u00f3ximas negociaciones de la <strong>Convenci\u00f3n de Diversidad Biol\u00f3gica de la ONU, que prepara los nuevos objetivos para los a\u00f1os 2030 y 2050<\/strong>.<\/p>\n<p style=\"text-align: justify\">D\u00edaz, investigadora titular del&nbsp;<a href=\"https:\/\/www.conicet.gov.ar\/\" target=\"_blank\" rel=\"noopener\">Consejo Nacional de Investigaciones Cient\u00edficas y T\u00e9cnicas (CONICET)<\/a>&nbsp;de Argentina, ha constatado que apostar por objetivos ambiciosos es un gran desaf\u00edo global; \u201cpero si no hacemos, dejaremos enormes problemas para todas las generaciones futuras\u201d.<\/p>\n<p style=\"text-align: justify\">Entre los firmantes del art\u00edculo est\u00e1 Jos\u00e9 Mar\u00eda Fern\u00e1ndez-Palacios, catedr\u00e1tico de Ecolog\u00eda de la&nbsp;<a href=\"https:\/\/www.ull.es\/\" target=\"_blank\" rel=\"noopener\">Universidad espa\u00f1ola de La Laguna<\/a>, quien ha incidido en <strong>la gravedad de que \u201cninguno\u201d de los objetivos de conservaci\u00f3n de la biodiversidad previstos por la ONU para 2020 se haya cumplido<\/strong>.<\/p>\n<p style=\"text-align: justify\">En declaraciones a <strong>Efeverde<\/strong>, el catedr\u00e1tico ha subrayado que \u00e9ste es \u201cun toque de atenci\u00f3n muy importante\u201d para que todos los sectores implicados, y entre ellos tambi\u00e9n los cient\u00edficos, traten de dar lo mejor de s\u00ed mismos \u201cpara doblegar la curva de la alarmante p\u00e9rdida de biodiversidad a la que est\u00e1 sometido el Planeta\u201d.<\/p>\n<p style=\"text-align: justify\">Fern\u00e1ndez-Palacios <strong>ha lamentado que los temas ligados a la p\u00e9rdida de biodiversidad o el cambio global no sean capaces de atraer el inter\u00e9s suficiente de los pol\u00edticos<\/strong> para acordar avances significativos en las conferencias internacionales.<\/p>\n<p style=\"text-align: justify\">\u201cSi esto ya era as\u00ed cuando no est\u00e1bamos sujetos a crisis econ\u00f3micas o sanitarias, es f\u00e1cil deducir que en las circunstancias actuales, desgraciadamente, estos temas no ser\u00e1n para la clase pol\u00edtica lo suficientemente prioritarios\u201d, ha manifestado.<\/p>\n<p style=\"text-align: justify\">El catedr\u00e1tico de Ecolog\u00eda ha observado que la biodiversidad ha sido siempre \u201cel escudo protector\u201d de la Humanidad desde el punto de vista epidemiol\u00f3gico, y ha alertado de que la p\u00e9rdida constante de poblaciones y especies en los diferentes ecosistemas del mundo \u201cest\u00e1 mermando de forma sistem\u00e1tica la capacidad de los ecosistemas para regular estas epidemias\u201d.<\/p>\n<p style=\"text-align: justify\">En el art\u00edculo, los cient\u00edficos han incidido en la trascendencia de fijar objetivos \u201calcanzables y muy ambiciosos\u201d y de que se establezcan nuevas metas \u201cmuy altas\u201d para cada faceta (ecosistemas, especies, genes o contribuci\u00f3n de la naturaleza a la vida de las personas) pero siempre de una forma integrada.<\/p>\n<p style=\"text-align: justify\">Entre esos objetivos, la comunidad cient\u00edfica <strong>propone fijar una restauraci\u00f3n \u201cestricta\u201d de ecosistemas, tanto en las tierras naturales como en las ya intervenidas, minimizar la p\u00e9rdida de especies, conservar el 90 por ciento de la diversidad gen\u00e9tica y garantizar la amplia gama de contribuciones de la naturaleza a las personas<\/strong>.<\/p>\n<p style=\"text-align: justify\">Los autores han insistido en que se trata de una evaluaci\u00f3n \u201cindependiente, cient\u00edficamente fundamentada y exhaustiva\u201d pero que se centra solo en aspectos biol\u00f3gicos y <strong>no han estudiado las consecuencias pol\u00edticas o econ\u00f3micas de esos objetivos, pero han dejado claro que no atender esos aspectos (pol\u00edticos y sociales) a la hora de fijar los objetivos \u201cser\u00eda una receta para el fracaso<\/strong>\u201d.<\/p>\n<h2 style=\"text-align: justify\"><strong><a href=\"https:\/\/www.terradaily.com\/reports\/Evidence_of_biodiversity_losses_found_deep_inside_the_rainforest_999.html\">Evidence of biodiversity losses found deep inside the rainforest<\/a><br \/>\n<\/strong>By Brooks Hays; Washington DC (UPI) Oct 26, 2020<\/h2>\n<p style=\"text-align: justify\">After decades of studying Amazonian ecosystems, scientists at Louisiana State University realized they were seeing fewer and fewer birds that forage on and near the forest floor.<\/p>\n<p style=\"text-align: justify\">\u00abWhat we think is happening is an erosion of biodiversity, a loss of some of the richness in a place where we would hope biodiversity can be maintained,\u00bb Philip Stouffer, professor of conservation biology at LSU, said in a news release.<\/p>\n<p style=\"text-align: justify\">Since 1991, Stouffer has been leading research expeditions into some of the most remote parts of the Amazon rainforest, north of Manaus, Brazil. Around 2008, he and his graduate students started noticing that some of the birds they used to see in abundance were becoming hard to find.<\/p>\n<p style=\"text-align: justify\">Researchers set out to quantify their observations, collecting detailed observation data from 55 test sites. With the help of computer models, researchers compared their observations to datasets spanning 35 years.<\/p>\n<p style=\"text-align: justify\">Stouffer and company detailed their analysis in a new paper published Monday in the journal Ecology Letters.<\/p>\n<p style=\"text-align: justify\">\u00abIt&#8217;s a very robust dataset from a variety of places collected over many years. It&#8217;s not just some fluke,\u00bb said study co-author Stephen Midway.<\/p>\n<p style=\"text-align: justify\">\u00abIt looks like there&#8217;s a real pattern and it looks like it could be linked to things we know are happening with global climate change that are affecting even this pristine place,\u00bb said Midway, an assistant professor at LSU and an expert in computation biology.<\/p>\n<p style=\"text-align: justify\">The data showed the decline of floor-foraging birds has been slow but steady &#8212; and could have been easily overlooked.<\/p>\n<p style=\"text-align: justify\">\u00abOur nostalgia was correct &#8212; certain birds are much less common than they used to be,\u00bb Stouffer said. \u00abIf animal patterns are changing in the absence of landscape change, it signals a sobering warning that simply preserving forests will not maintain rainforest biodiversity.\u00bb<\/p>\n<p style=\"text-align: justify\">Researchers found that bird species that have declined the most are those living and foraging near the forest floor, birds that feed on insects and small invertebrates &#8212; species like the wing-banded antbird, or Myrmornis torquata. The new data showed one of the Amazon&#8217;s most adept singers, the musician wren, or Cyphorinus arada, has suffered steady declines over the last three decades.<\/p>\n<p style=\"text-align: justify\">The white-plumed antbird, or Pithys albifrons, is one of the few floor foragers that remains easy to find. Scientists suspect its ingenious foraging technique has aided the species&#8217; resiliency.<\/p>\n<p style=\"text-align: justify\">The white-plumed antbird follows colonies of marauding ants as they scare up other insects from soil, and it can adapt to different parts of the forest and eat a variety of insects.<\/p>\n<p style=\"text-align: justify\">Scientists also observed increases in the number of frugivores, or birds that eat fruit and insects, which suggests species with more diverse diets are better able to adapt to ecological shifts.<\/p>\n<p style=\"text-align: justify\">Stouffer plans to continue investigating the hidden signs of biodiversity loss in seemingly pristine portions of the Amazon.<\/p>\n<p style=\"text-align: justify\">\u00abThe idea that things are changing, even in the most pristine parts of our planet yet we don&#8217;t even know it, illustrates the need for us to pay more attention,\u00bb Stouffer said.<\/p>\n<h2><span style=\"color: #800000\"><strong>Evidencia de p\u00e9rdidas de biodiversidad encontradas en lo profundo de la selva tropical<\/strong><\/span><\/h2>\n<p style=\"text-align: justify\">por Brooks Hays; Washington DC (UPI) 26 de octubre de 2020<\/p>\n<p style=\"text-align: justify\"><strong>Tras d\u00e9cadas de estudiar los ecosistemas amaz\u00f3nicos<\/strong>, los cient\u00edficos de la Universidad Estatal de Louisiana se dieron cuenta de que <strong>estaban viendo cada vez menos aves que se alimentan en y cerca del suelo del bosque<\/strong>.<\/p>\n<p style=\"text-align: justify\">\u00abLo que creemos que est\u00e1 sucediendo es <strong>una erosi\u00f3n de la biodiversidad, una p\u00e9rdida de parte de la riqueza en un lugar donde esperamos que se pudiera mantener la biodiversidad<\/strong>\u00ab, dijo Philip Stouffer, profesor de biolog\u00eda de la conservaci\u00f3n en LSU, en un comunicado de prensa.<\/p>\n<p style=\"text-align: justify\"><strong>Desde 1991, Stouffer ha estado liderando expediciones de investigaci\u00f3n en algunas de las partes m\u00e1s remotas de la selva amaz\u00f3nica<\/strong>, al norte de Manaus, Brasil. <strong>Alrededor de 2008<\/strong>, \u00e9l y sus estudiantes graduados comenzaron a notar que <strong>algunas de las aves que sol\u00edan ver en abundancia se estaban volviendo dif\u00edciles de encontrar<\/strong>.<\/p>\n<p style=\"text-align: justify\">Los investigadores se propusieron cuantificar sus observaciones, recopilando datos de observaci\u00f3n detallados <strong>de 55 sitios de prueba<\/strong>. Con la ayuda de <strong>modelos inform\u00e1tico<\/strong>s, los investigadores compararon sus observaciones con conjuntos de datos que <strong>abarcan 35 a\u00f1os<\/strong>.<\/p>\n<p style=\"text-align: justify\">Stouffer y compa\u00f1\u00eda detallaron su an\u00e1lisis en un nuevo art\u00edculo publicado el lunes en la revista Ecology Letters.<\/p>\n<p style=\"text-align: justify\">\u00abEs un conjunto de datos muy robusto de una variedad de lugares recopilados durante muchos a\u00f1os. No es solo una casualidad\u00bb, dijo el coautor del estudio Stephen Midway.<\/p>\n<p style=\"text-align: justify\">\u00abParece que <strong>hay un patr\u00f3n real y parece que podr\u00eda estar relacionado con cosas que sabemos que est\u00e1n sucediendo con el cambio clim\u00e1tico global que est\u00e1n afectando incluso este lugar pr\u00edstino<\/strong>\u00ab, dijo Midway, profesor asistente en LSU y experto en biolog\u00eda computacional.<\/p>\n<p style=\"text-align: justify\">Los datos mostraron que <strong>la disminuci\u00f3n de las aves que buscan alimento en el piso ha sido lenta pero constante, y podr\u00eda haberse pasado por alto f\u00e1cilmente<\/strong>.<\/p>\n<p style=\"text-align: justify\">\u00abNuestra nostalgia era correcta: <strong>ciertas aves son mucho menos comunes de lo que sol\u00edan ser<\/strong>\u00ab, dijo Stouffer. \u00ab<strong><span style=\"text-decoration: underline\">Si los patrones de los animales est\u00e1n cambiando en ausencia de cambios en el paisaje, es una advertencia seria de que simplemente preservar los bosques no mantendr\u00e1 la biodiversidad de la selva<\/span><\/strong>\u00ab.<\/p>\n<p style=\"text-align: justify\">Los investigadores descubrieron que <strong>las especies de aves que m\u00e1s han disminuido son las que viven y buscan alimento cerca del suelo del bosque<\/strong>, <strong>las aves que se alimentan de insectos y peque\u00f1os invertebrados, especies como el hormiguero<\/strong> con bandas de alas o Myrmornis torquata. Los nuevos datos mostraron que uno de los aves cantantes m\u00e1s h\u00e1biles del Amazonas, el reyezuelo m\u00fasico, o Cyphorinus arada, ha sufrido ca\u00eddas constantes en las \u00faltimas tres d\u00e9cadas.<\/p>\n<p style=\"text-align: justify\">El hormiguero de pluma blanca, o Pithys albifrons, es uno de los pocos <strong>recolectores de suelo que sigue siendo f\u00e1cil de encontrar<\/strong>. Los cient\u00edficos sospechan que su ingeniosa t\u00e9cnica de alimentaci\u00f3n ha ayudado a la resistencia de la especie.<\/p>\n<p style=\"text-align: justify\"><strong>El hormiguero de pluma blanca sigue colonias de hormigas merodeadoras mientras asustan a otros insectos del suelo<\/strong>, y puede adaptarse a diferentes partes del bosque y comer una variedad de insectos.<\/p>\n<p style=\"text-align: justify\">Los cient\u00edficos tambi\u00e9n observaron <strong>aumentos en la cantidad de frug\u00edvoros, o aves que comen frutas e insectos, lo que sugiere que las especies con dietas m\u00e1s diversas son m\u00e1s capaces de adaptarse a los cambios ecol\u00f3gicos<\/strong>.<\/p>\n<p style=\"text-align: justify\">Stouffer planea continuar investigando los signos ocultos de <strong>la p\u00e9rdida de biodiversidad en porciones aparentemente v\u00edrgenes del Amazonas<\/strong>.<\/p>\n<p style=\"text-align: justify\">\u00abLa idea de que las cosas est\u00e1n cambiando, incluso en las partes m\u00e1s pr\u00edstinas de nuestro planeta, <strong>pero ni siquiera lo sabemos, ilustra la necesidad de que prestemos m\u00e1s atenci\u00f3n<\/strong>\u00ab, dijo Stouffer.<\/p>\n","protected":false},"excerpt":{"rendered":"<p>Biodiversidad y Pol\u00edtica. Fuente: Colaje Im\u00e1genes Google Esta entrada fue redactada, aunque no editada, en Octubre de 2020, pero aun as\u00ed sigue siendo vigente: Todo debe cambiar para que todo sigua igual&nbsp; En un post que editaremos muy pronto: \u00ab\u00a1Parques y reservas Naturales! \u00bfPara qu\u00e9?\u201d, comentaremos que los esfuerzos humanos por limitar la degradaci\u00f3n de la naturaleza y ampliar las \u00e1reas protegidas ha sido hasta el momento un rotundo fracaso. No se trata de firmar convenciones y proponer nuevas reservas\/parques &nbsp;naturales, sino de cumplir lo firmado, es decir comenzar \u201cde una vez por todas\u201d el esfuerzo \u201creal\u201d con vistas a\u2026<\/p>\n","protected":false},"author":26,"featured_media":0,"comment_status":"open","ping_status":"open","sticky":false,"template":"","format":"standard","meta":{"ngg_post_thumbnail":0},"categories":[609,586,618,591,605,606],"tags":[46736,43448,48389],"blocksy_meta":{"styles_descriptor":{"styles":{"desktop":"","tablet":"","mobile":""},"google_fonts":[],"version":4}},"aioseo_notices":[],"_links":{"self":[{"href":"https:\/\/www.madrimasd.org\/blogs\/universo\/wp-json\/wp\/v2\/posts\/151472"}],"collection":[{"href":"https:\/\/www.madrimasd.org\/blogs\/universo\/wp-json\/wp\/v2\/posts"}],"about":[{"href":"https:\/\/www.madrimasd.org\/blogs\/universo\/wp-json\/wp\/v2\/types\/post"}],"author":[{"embeddable":true,"href":"https:\/\/www.madrimasd.org\/blogs\/universo\/wp-json\/wp\/v2\/users\/26"}],"replies":[{"embeddable":true,"href":"https:\/\/www.madrimasd.org\/blogs\/universo\/wp-json\/wp\/v2\/comments?post=151472"}],"version-history":[{"count":7,"href":"https:\/\/www.madrimasd.org\/blogs\/universo\/wp-json\/wp\/v2\/posts\/151472\/revisions"}],"predecessor-version":[{"id":152798,"href":"https:\/\/www.madrimasd.org\/blogs\/universo\/wp-json\/wp\/v2\/posts\/151472\/revisions\/152798"}],"wp:attachment":[{"href":"https:\/\/www.madrimasd.org\/blogs\/universo\/wp-json\/wp\/v2\/media?parent=151472"}],"wp:term":[{"taxonomy":"category","embeddable":true,"href":"https:\/\/www.madrimasd.org\/blogs\/universo\/wp-json\/wp\/v2\/categories?post=151472"},{"taxonomy":"post_tag","embeddable":true,"href":"https:\/\/www.madrimasd.org\/blogs\/universo\/wp-json\/wp\/v2\/tags?post=151472"}],"curies":[{"name":"wp","href":"https:\/\/api.w.org\/{rel}","templated":true}]}}