{"id":37009,"date":"2006-08-08T19:09:00","date_gmt":"2006-08-08T19:09:00","guid":{"rendered":"http:\/\/weblogs.madrimasd.org\/\/universo\/archive\/2006\/08\/08\/37009.aspx"},"modified":"2010-01-22T03:40:45","modified_gmt":"2010-01-22T02:40:45","slug":"nueva-revista-electronica-de-incendios-forestales-y-algunos-recordatorios-sobre-este-tema","status":"publish","type":"post","link":"https:\/\/www.madrimasd.org\/blogs\/universo\/2006\/08\/08\/37009","title":{"rendered":"Nueva Revista Electr\u00f3nica de Incendios Forestales y Algunos Recordatorios sobre este Tema"},"content":{"rendered":"<p class=\"MsoNormal\" style=\"MARGIN: 0cm 0cm 0pt; TEXT-ALIGN: justify\"><span style=\"FONT-SIZE: 10pt; FONT-FAMILY: 'Comic Sans MS'\">Como durante el mes de julio, bajo un intenso calor, no se produjeron incendios forestales dignos de menci\u00f3n, por lo que algunos desinformados ya echaron las campanas al vuelo. Es obvio que desconocen la problem\u00e1tica en profundidad. La prensa no ayuda y los pol\u00edticos alarmistas tampoco. Se trata de un tema \u201crelativamente complejo\u201d. Sin embargo,<span style=\"COLOR: #cc0000\"> equiparar n\u00famero de focos y hect\u00e1reas quemadas con devastaci\u00f3n del medio natural es una pura y burda falacia.<\/span> En cualquier caso, y en vista de que algunos amigos se han extra\u00f1ado de que no escribiera sobre el tema, me pondr\u00e9 a ello en un par de d\u00edas.<o:p><\/o:p><\/span><\/p>\n<p><!--more--><\/p>\n<p class=\"MsoNormal\" style=\"MARGIN: 0cm 0cm 0pt; TEXT-ALIGN: justify\"><span style=\"FONT-SIZE: 10pt; FONT-FAMILY: 'Comic Sans MS'\">A veces resulta m\u00e1s dif\u00edcil escribir de lo que uno sabe que de lo que desconoce. Investigu\u00e9 en el Centro de Ciencias Medioambientales (junto a Gonzalo Almendros y Carmen Lobo) sobre los efectos de los incendios forestales sobre los suelos y, en su momento, <span style=\"mso-spacerun: yes\">&nbsp;<\/span>aquellos trabajos fueron pioneros en Espa\u00f1a. Las conclusiones a las que llegu\u00e9 de tal experiencia me dieron a entender que el tema central concern\u00eda especialmente a una <span style=\"COLOR: blue\">mala pol\u00edtica de reforestaci\u00f3n<\/span>, a ciertos <span style=\"COLOR: blue\">problemas sociol\u00f3gicos y especulativos<\/span>. Los resultados, desde el punto de vista cient\u00edfico no depararon mayores sorpresas. <span style=\"mso-spacerun: yes\">&nbsp;<\/span>Algunas cuestiones que ya he expuesto espor\u00e1dicamente sobre este tema en nuestra weblog las pod\u00e9is encontrar<A href=\"http:\/\/weblogs.madrimasd.org\/universo\/archive\/2006\/03\/20\/16174.aspx\"><span style=\"COLOR: windowtext; TEXT-DECORATION: none; text-underline: none\"> <\/span>aqu\u00ed<\/a>, <A href=\"http:\/\/weblogs.madrimasd.org\/universo\/archive\/2006\/07\/20\/35317.aspx\">aqu\u00ed<\/a>, <A href=\"http:\/\/weblogs.madrimasd.org\/universo\/archive\/2006\/03\/24\/16684.aspx\">aqu\u00ed<\/a>,<span style=\"mso-spacerun: yes\">&nbsp; <\/span><A href=\"http:\/\/weblogs.madrimasd.org\/universo\/archive\/2006\/06\/27\/33150.aspx\">aqu\u00ed,<\/a><A href=\"http:\/\/weblogs.madrimasd.org\/universo\/archive\/2006\/02\/21\/14117.aspx?\"><span style=\"COLOR: windowtext; TEXT-DECORATION: none; text-underline: none\"> <\/span><span style=\"mso-spacerun: yes\">&nbsp;<\/span>aqu\u00ed<\/a>,<A href=\"http:\/\/weblogs.madrimasd.org\/universo\/archive\/2006\/03\/16\/16061.aspx?\"><span style=\"COLOR: windowtext; TEXT-DECORATION: none; text-underline: none\"> <\/span>aqu\u00ed<\/a>,<span style=\"mso-spacerun: yes\">&nbsp; <\/span><A href=\"http:\/\/weblogs.madrimasd.org\/universo\/archive\/2006\/05\/02\/20798.aspx?\">aqu\u00ed<\/a> y <A href=\"http:\/\/weblogs.madrimasd.org\/universo\/archive\/2006\/04\/17\/18636.aspx?\">aqu\u00ed <\/a><span style=\"mso-spacerun: yes\">&nbsp;<\/span>(y ya me he cansado, aunque hay m\u00e1s referencias). El \u00faltimo de ellos fue del<span style=\"COLOR: blue\"> 20 de julio<\/span>, es decir cuando unos y otros comenzaban a meter torpemente la pata hablando de una adecuada pol\u00edtica anti-incendios el a\u00f1o pasado. En otro de ellos <span style=\"COLOR: blue\">ya advert\u00eda a la Sra. Ministra sobre el tema<\/span> y las chorradas que suelen verter a la prensa sus \u201casesores\u201d. <o:p><\/o:p><\/span><\/p>\n<p class=\"MsoNormal\" style=\"MARGIN: 0cm 0cm 0pt; TEXT-ALIGN: justify\"><span style=\"FONT-SIZE: 10pt; FONT-FAMILY: 'Comic Sans MS'\"><o:p>&nbsp;<\/o:p><\/span><\/p>\n<p class=\"MsoNormal\" style=\"MARGIN: 0cm 0cm 0pt; TEXT-ALIGN: justify\"><span style=\"FONT-SIZE: 10pt; FONT-FAMILY: 'Comic Sans MS'\">Sin embargo, como siempre, si uno no es alarmista le echen a la hoguera (y nunca mejor dicho) inmediatamente me pondr\u00e9 a hilvanar algunas l\u00edneas. Sinceramente <span style=\"COLOR: blue\">no estoy<\/span> a d\u00eda de hoy, como el a\u00f1o pasado, <span style=\"COLOR: blue\">excesivamente preocupado<\/span>. No veo motivo para ello. En cualquier caso, aqu\u00ed os dejo caer una revista electr\u00f3nica que justamente se llama<a href=\"http:\/\/www.incendiosforestales.com\/if4.pdf\"><span style=\"COLOR: windowtext; TEXT-DECORATION: none; text-underline: none\"> <\/span>incendios forestales<\/a>. La p\u00e1gina de entrada es: <\/span><a href=\"http:\/\/www.incendiosforestales.com\/\">http:\/\/www.incendiosforestales.com\/<\/a>.<\/p>\n<p class=\"MsoNormal\" style=\"MARGIN: 0cm 0cm 0pt; TEXT-ALIGN: justify\"><span style=\"FONT-SIZE: 10pt; FONT-FAMILY: 'Comic Sans MS'\"><o:p>&nbsp;<\/o:p><\/span><\/p>\n<p class=\"MsoNormal\" style=\"MARGIN: 0cm 0cm 0pt; TEXT-ALIGN: justify\"><span style=\"FONT-SIZE: 10pt; FONT-FAMILY: 'Comic Sans MS'\">Insisto no voy de listo, pero tampoco soy de esos <span style=\"COLOR: blue\">investigadores de excelencia<\/span>, que no excelente cient\u00edfico, que m\u00e1s que informar, desinforma. Por tanto, me pondr\u00e9 al tajo lo antes posible. <span style=\"COLOR: blue\">Y ya me aventuro a deciros que <\/span>mientras la oposici\u00f3n comentar\u00e1 lo mal que lo hace el gobierno (como si el problema viniera de un a\u00f1o para otro), algunos ecologistas hablaran de cambio clim\u00e1tico, otros lo har\u00e1n de la sequ\u00eda, junto al cambio clim\u00e1tico y, como no saldr\u00e1 a colaci\u00f3n la desertificaci\u00f3n, y bla, bla, bla. <span style=\"COLOR: blue\">Pero casi ninguno os informar\u00e1 de lo que deb\u00e9is saber<\/span>. Advertidos est\u00e1is.<span style=\"mso-spacerun: yes\">&nbsp;&nbsp; <\/span><o:p><\/o:p><\/span><\/p>\n<p class=\"MsoNormal\" style=\"MARGIN: 0cm 0cm 0pt; TEXT-ALIGN: justify\"><span style=\"FONT-SIZE: 10pt; FONT-FAMILY: 'Comic Sans MS'\"><o:p>&nbsp;<\/o:p><\/span><\/p>\n<p class=\"MsoNormal\" style=\"MARGIN: 0cm 0cm 0pt; TEXT-ALIGN: justify\"><span style=\"FONT-SIZE: 10pt; FONT-FAMILY: 'Comic Sans MS'\">Cari Saluti<o:p><\/o:p><\/span><\/p>\n<p class=\"MsoNormal\" style=\"MARGIN: 0cm 0cm 0pt; TEXT-ALIGN: justify\"><span style=\"FONT-SIZE: 10pt; FONT-FAMILY: 'Comic Sans MS'\"><o:p>&nbsp;<\/o:p><\/span><\/p>\n<p class=\"MsoNormal\" style=\"MARGIN: 0cm 0cm 0pt; TEXT-ALIGN: justify\"><b style=\"mso-bidi-font-weight: normal\"><span style=\"FONT-SIZE: 14pt; COLOR: #cc0000; FONT-FAMILY: 'Comic Sans MS'\">Juan Jos\u00e9 Ib\u00e1\u00f1ez<\/span><\/b><span style=\"FONT-SIZE: 10pt; FONT-FAMILY: 'Comic Sans MS'\"> <o:p><\/o:p><\/span><\/p>\n<p class=\"MsoNormal\" style=\"MARGIN: 0cm 0cm 0pt\"><span style=\"FONT-SIZE: 10pt; COLOR: blue; FONT-FAMILY: 'Comic Sans MS'\">Un poco \u201cquemao\u201d de este tema<o:p><\/o:p><\/span><\/p>\n","protected":false},"excerpt":{"rendered":"<p>Como durante el mes de julio, bajo un intenso calor, no se produjeron incendios forestales dignos de menci\u00f3n, por lo que algunos desinformados ya echaron las campanas al vuelo. Es obvio que desconocen la problem\u00e1tica en profundidad. La prensa no ayuda y los pol\u00edticos alarmistas tampoco. Se trata de un tema \u201crelativamente complejo\u201d. Sin embargo, equiparar n\u00famero de focos y hect\u00e1reas quemadas con devastaci\u00f3n del medio natural es una pura y burda falacia. En cualquier caso, y en vista de que algunos amigos se han extra\u00f1ado de que no escribiera sobre el tema, me pondr\u00e9 a ello en un par\u2026<\/p>\n","protected":false},"author":26,"featured_media":0,"comment_status":"open","ping_status":"open","sticky":false,"template":"","format":"standard","meta":{"ngg_post_thumbnail":0},"categories":[591,600,585],"tags":[],"blocksy_meta":{"styles_descriptor":{"styles":{"desktop":"","tablet":"","mobile":""},"google_fonts":[],"version":4}},"aioseo_notices":[],"_links":{"self":[{"href":"https:\/\/www.madrimasd.org\/blogs\/universo\/wp-json\/wp\/v2\/posts\/37009"}],"collection":[{"href":"https:\/\/www.madrimasd.org\/blogs\/universo\/wp-json\/wp\/v2\/posts"}],"about":[{"href":"https:\/\/www.madrimasd.org\/blogs\/universo\/wp-json\/wp\/v2\/types\/post"}],"author":[{"embeddable":true,"href":"https:\/\/www.madrimasd.org\/blogs\/universo\/wp-json\/wp\/v2\/users\/26"}],"replies":[{"embeddable":true,"href":"https:\/\/www.madrimasd.org\/blogs\/universo\/wp-json\/wp\/v2\/comments?post=37009"}],"version-history":[{"count":3,"href":"https:\/\/www.madrimasd.org\/blogs\/universo\/wp-json\/wp\/v2\/posts\/37009\/revisions"}],"predecessor-version":[{"id":134108,"href":"https:\/\/www.madrimasd.org\/blogs\/universo\/wp-json\/wp\/v2\/posts\/37009\/revisions\/134108"}],"wp:attachment":[{"href":"https:\/\/www.madrimasd.org\/blogs\/universo\/wp-json\/wp\/v2\/media?parent=37009"}],"wp:term":[{"taxonomy":"category","embeddable":true,"href":"https:\/\/www.madrimasd.org\/blogs\/universo\/wp-json\/wp\/v2\/categories?post=37009"},{"taxonomy":"post_tag","embeddable":true,"href":"https:\/\/www.madrimasd.org\/blogs\/universo\/wp-json\/wp\/v2\/tags?post=37009"}],"curies":[{"name":"wp","href":"https:\/\/api.w.org\/{rel}","templated":true}]}}