{"id":37527,"date":"2006-08-15T15:17:00","date_gmt":"2006-08-15T15:17:00","guid":{"rendered":"http:\/\/weblogs.madrimasd.org\/\/universo\/archive\/2006\/08\/15\/37527.aspx"},"modified":"2010-01-22T03:40:49","modified_gmt":"2010-01-22T02:40:49","slug":"impacto-de-los-incendios-sobre-los-sistemas-edaficos-y-la-calidad-de-los-suelos-algunas-respuestas-concretas","status":"publish","type":"post","link":"https:\/\/www.madrimasd.org\/blogs\/universo\/2006\/08\/15\/37527","title":{"rendered":"Impacto de los Incendios sobre los Sistemas Ed\u00e1ficos y la Calidad de los Suelos: Algunas Respuestas Concretas"},"content":{"rendered":"<p class=\"MsoNormal\" style=\"MARGIN: 0cm 0cm 0pt; TEXT-ALIGN: justify\"><span style=\"FONT-SIZE: 10pt; FONT-FAMILY: 'Comic Sans MS'\">Como ya os coment\u00e9 en la nota anterior sobre este tema, los <span style=\"COLOR: blue\">impactos de los incendios forestales sobre el suelo<\/span>, dependen de diversos factores, algunos de ellos imprevisibles, por cuanto dependen de las condiciones clim\u00e1ticas durante (viento y humedad de suelo y vegetaci\u00f3n) y posteriores al incendio (precipitaciones fundamentalmente).<o:p><\/o:p><\/span><\/p>\n<p><!--more--><\/p>\n<p class=\"MsoNormal\" style=\"MARGIN: 0cm 0cm 0pt; TEXT-ALIGN: justify\"><span style=\"FONT-SIZE: 10pt; FONT-FAMILY: 'Comic Sans MS'\">Groso modo, podemos decir que los<span style=\"COLOR: blue\"> incendios a\u00e9reos<\/span>, que no afectan al suelo directamente (solo al \u201cvuelo\u201d, es decir a la vegetaci\u00f3n que crece sobre \u00e9l) son mucho menos da\u00f1inos que los que inciden directamente en el medio ed\u00e1fico. Los aportes de cenizas y a veces materia org\u00e1nica no quemada, as\u00ed como las trasformaciones de la que hay en el suelo, que afectan a la estructura de los agregados, generando frecuentemente <a href=\"http:\/\/www.eeza.csic.es\/eeza\/documentos\/Contreras%20y%20Sol\u00c3\u00a9%202003-CyQ.pdf\">horizontes hidrof\u00f3bicos<\/a> pr\u00e1cticamente invisibles que <a href=\"http:\/\/www.iprocor.org\/Novedades\/Recomendaciones%20Postincendios.pdf\">repelen el agua<\/a>, son de capital importancia.<span style=\"mso-spacerun: yes\">&nbsp; <\/span>Estos \u00faltimos horizontes o capas <a href=\"http:\/\/www.institutduliege.com\/colloque2004\/Ramon_SantiagoES.pdf\">reducen la infiltraci\u00f3n<\/a>, favoreciendo la escorrent\u00eda superficial y en consecuencia <a href=\"http:\/\/geography.swan.ac.uk\/hydrophobicity\/downloadfiles\/paper%20PDFs-stef\/IJWF-cerda-doerr-preprint.pdf\">la erosi\u00f3n<\/a>. <o:p><\/o:p><\/span><\/p>\n<p class=\"MsoNormal\" style=\"MARGIN: 0cm 0cm 0pt; TEXT-ALIGN: justify\"><span style=\"FONT-SIZE: 10pt; FONT-FAMILY: 'Comic Sans MS'\"><o:p>&nbsp;<\/o:p><\/span><\/p>\n<p class=\"MsoNormal\" style=\"MARGIN: 0cm 0cm 0pt; TEXT-ALIGN: justify\"><span style=\"FONT-SIZE: 10pt; FONT-FAMILY: 'Comic Sans MS'\">En nuestros trabajos sobre el tema en condiciones de laboratorio,<span style=\"mso-spacerun: yes\">&nbsp; <\/span>constatamos como al incrementarse paulatinamente el suelo hasta su combusti\u00f3n total, se generaban primero transformaciones que favorec\u00edan la estructura del suelo (una mayor polimerizaci\u00f3n y estabilidad de los \u00e1cidos h\u00famicos), para despu\u00e9s ir deterior\u00e1ndose (aparici\u00f3n de la susodicha hidrofobia en los agregados del suelo y finalmente conversi\u00f3n de la materia org\u00e1nica en carb\u00f3n inerte). De nuevo insisto que tan solo una cartograf\u00eda post-incendio pude determinar el da\u00f1o generado, por cuanto dif\u00edcilmente la cobertura ed\u00e1fica habr\u00e1 sido afectada por igual. <span style=\"mso-spacerun: yes\">&nbsp;<\/span><o:p><\/o:p><\/span><\/p>\n<p class=\"MsoNormal\" style=\"MARGIN: 0cm 0cm 0pt; TEXT-ALIGN: justify\"><span style=\"FONT-SIZE: 10pt; FONT-FAMILY: 'Comic Sans MS'\"><o:p>&nbsp;<\/o:p><\/span><\/p>\n<p class=\"MsoNormal\" style=\"MARGIN: 0cm 0cm 0pt; TEXT-ALIGN: justify\"><span style=\"FONT-SIZE: 10pt; FONT-FAMILY: 'Comic Sans MS'\">La <span style=\"COLOR: blue\">pendiente<\/span><span style=\"COLOR: #3333ff\"> <\/span>de la zona afectada es otra variable a tener muy en cuenta, por cuanto determina la erosi\u00f3n de cualquier suelo carente de una cubierta vegetal densa. <o:p><\/o:p><\/span><\/p>\n<p class=\"MsoNormal\" style=\"MARGIN: 0cm 0cm 0pt; TEXT-ALIGN: justify\"><span style=\"FONT-SIZE: 10pt; FONT-FAMILY: 'Comic Sans MS'\"><o:p>&nbsp;<\/o:p><\/span><\/p>\n<p class=\"MsoNormal\" style=\"MARGIN: 0cm 0cm 0pt; TEXT-ALIGN: justify\"><span style=\"FONT-SIZE: 10pt; FONT-FAMILY: 'Comic Sans MS'\">En cualquier caso, ya que no os puedo ofrecer conclusiones generales, os remito a una tesis doctoral sobre el tema que he encontrado en Internet. Esto no significa que est\u00e9 de acuerdo con muchas de sus conclusiones. Me abstengo de opinar al respecto, simplemente. Sin embargo, su <a href=\"http:\/\/descargas.cervantesvirtual.com\/servlet\/SirveObras\/35794929090246729754491\/003971_6.pdf\">resumen<\/a>, muestra la dificultad de generalizar a cerca del impacto de los incendios sobre el suelo, pero ofrece informaci\u00f3n de indudable inter\u00e9s. Las tesis tienen la ventaja de ofrecer revisiones bibliogr\u00e1ficas exhaustivas, por eso la incluyo aqu\u00ed. Os recomiendo que lo le\u00e1is. <o:p><\/o:p><\/span><\/p>\n<p class=\"MsoNormal\" style=\"MARGIN: 0cm 0cm 0pt; TEXT-ALIGN: justify\"><span style=\"FONT-SIZE: 10pt; FONT-FAMILY: 'Comic Sans MS'\"><o:p>&nbsp;<\/o:p><\/span><\/p>\n<p class=\"MsoNormal\" style=\"MARGIN: 0cm 0cm 0pt; TEXT-ALIGN: justify\"><span style=\"FONT-SIZE: 10pt; FONT-FAMILY: 'Comic Sans MS'\">Debido a que he encontrado dificultades a la hora de bajar ciertos cap\u00edtulos de la susodicha Tesis, os incluyo los enlaces que conciernan a capa cap\u00edtulo. <o:p><\/o:p><\/span><\/p>\n<p class=\"MsoNormal\" style=\"MARGIN: 0cm 0cm 0pt\"><span style=\"FONT-SIZE: 10pt; FONT-FAMILY: 'Comic Sans MS'\"><o:p>&nbsp;<\/o:p><\/span><\/p>\n<p class=\"MsoNormal\" style=\"MARGIN: 0cm 0cm 0pt\"><span style=\"FONT-SIZE: 8pt; FONT-FAMILY: 'Comic Sans MS'\"><a href=\"http:\/\/descargas.cervantesvirtual.com\/servlet\/SirveObras\/35794929090246729754491\/003971_1.pdf\"><span lang=\"IT\" style=\"mso-ansi-language: IT\">http:\/\/descargas.cervantesvirtual.com\/servlet\/SirveObras\/35794929090246729754491\/003971_1.pdf<\/span><\/a><\/span><span lang=\"IT\" style=\"FONT-SIZE: 8pt; FONT-FAMILY: 'Comic Sans MS'; mso-ansi-language: IT\"> (<span style=\"COLOR: #cc0000\">Indice<\/span>)<o:p><\/o:p><\/span><\/p>\n<p class=\"MsoNormal\" style=\"MARGIN: 0cm 0cm 0pt\"><span lang=\"IT\" style=\"FONT-SIZE: 8pt; FONT-FAMILY: 'Comic Sans MS'; mso-ansi-language: IT\"><o:p>&nbsp;<\/o:p><\/span><\/p>\n<p class=\"MsoNormal\" style=\"MARGIN: 0cm 0cm 0pt\"><span lang=\"IT\" style=\"FONT-SIZE: 8pt; FONT-FAMILY: 'Comic Sans MS'; mso-ansi-language: IT\"><a href=\"http:\/\/descargas.cervantesvirtual.com\/servlet\/SirveObras\/35794929090246729754491\/003971_2.pdf\"><span lang=\"ES\" style=\"mso-ansi-language: ES\">http:\/\/descargas.cervantesvirtual.com\/servlet\/SirveObras\/35794929090246729754491\/003971_2.pdf<\/span><\/a><\/span><span style=\"FONT-SIZE: 8pt; FONT-FAMILY: 'Comic Sans MS'\"> (<span style=\"COLOR: #cc0000\">Objetivos<\/span>)<o:p><\/o:p><\/span><\/p>\n<p class=\"MsoNormal\" style=\"MARGIN: 0cm 0cm 0pt\"><span style=\"FONT-SIZE: 8pt; FONT-FAMILY: 'Comic Sans MS'\"><o:p>&nbsp;<\/o:p><\/span><\/p>\n<p class=\"MsoNormal\" style=\"MARGIN: 0cm 0cm 0pt\"><span style=\"FONT-SIZE: 8pt; FONT-FAMILY: 'Comic Sans MS'\"><a href=\"http:\/\/descargas.cervantesvirtual.com\/servlet\/SirveObras\/35794929090246729754491\/003971_3.pdf\">http:\/\/descargas.cervantesvirtual.com\/servlet\/SirveObras\/35794929090246729754491\/003971_3.pdf<\/a> (<span style=\"COLOR: #cc0000\">Introducci\u00f3n<\/span>)<o:p><\/o:p><\/span><\/p>\n<p class=\"MsoNormal\" style=\"MARGIN: 0cm 0cm 0pt\"><span style=\"FONT-SIZE: 8pt; FONT-FAMILY: 'Comic Sans MS'\"><o:p>&nbsp;<\/o:p><\/span><\/p>\n<p class=\"MsoNormal\" style=\"MARGIN: 0cm 0cm 0pt\"><span style=\"FONT-SIZE: 8pt; FONT-FAMILY: 'Comic Sans MS'\"><a href=\"http:\/\/descargas.cervantesvirtual.com\/servlet\/SirveObras\/35794929090246729754491\/003971_4.pdf\">http:\/\/descargas.cervantesvirtual.com\/servlet\/SirveObras\/35794929090246729754491\/003971_4.pdf<\/a> (<span style=\"COLOR: #cc0000\">Material y M\u00e9todos<\/span>)<o:p><\/o:p><\/span><\/p>\n<p class=\"MsoNormal\" style=\"MARGIN: 0cm 0cm 0pt\"><span style=\"FONT-SIZE: 8pt; FONT-FAMILY: 'Comic Sans MS'\"><o:p>&nbsp;<\/o:p><\/span><\/p>\n<p class=\"MsoNormal\" style=\"MARGIN: 0cm 0cm 0pt\"><span style=\"FONT-SIZE: 8pt; FONT-FAMILY: 'Comic Sans MS'\"><a href=\"http:\/\/descargas.cervantesvirtual.com\/servlet\/SirveObras\/35794929090246729754491\/003971_5.pdf\">http:\/\/descargas.cervantesvirtual.com\/servlet\/SirveObras\/35794929090246729754491\/003971_5.pdf<\/a> (<span style=\"COLOR: #cc0000\">Resultados y Discusi\u00f3n<\/span>)<o:p><\/o:p><\/span><\/p>\n<p class=\"MsoNormal\" style=\"MARGIN: 0cm 0cm 0pt\"><span style=\"FONT-SIZE: 8pt; FONT-FAMILY: 'Comic Sans MS'\"><o:p>&nbsp;<\/o:p><\/span><\/p>\n<p class=\"MsoNormal\" style=\"MARGIN: 0cm 0cm 0pt\"><span style=\"FONT-SIZE: 8pt; FONT-FAMILY: 'Comic Sans MS'\"><a href=\"http:\/\/descargas.cervantesvirtual.com\/servlet\/SirveObras\/35794929090246729754491\/003971_6.pdf\">http:\/\/descargas.cervantesvirtual.com\/servlet\/SirveObras\/35794929090246729754491\/003971_6.pdf<\/a> (<span style=\"COLOR: #cc0000\">Conclusiones<\/span>)<o:p><\/o:p><\/span><\/p>\n<p class=\"MsoNormal\" style=\"MARGIN: 0cm 0cm 0pt\"><o:p>&nbsp;<\/o:p><\/p>\n<p class=\"MsoNormal\" style=\"MARGIN: 0cm 0cm 0pt\"><span style=\"FONT-SIZE: 8pt; FONT-FAMILY: 'Comic Sans MS'\"><a href=\"http:\/\/descargas.cervantesvirtual.com\/servlet\/SirveObras\/35794929090246729754491\/003971_7.pdf\">http:\/\/descargas.cervantesvirtual.com\/servlet\/SirveObras\/35794929090246729754491\/003971_7.pdf<\/a> (<span style=\"COLOR: #cc0000\">Bibliograf\u00eda<\/span>)<o:p><\/o:p><\/span><\/p>\n<p class=\"MsoNormal\" style=\"MARGIN: 0cm 0cm 0pt\"><span style=\"FONT-SIZE: 8pt; FONT-FAMILY: 'Comic Sans MS'\"><o:p>&nbsp;<\/o:p><\/span><\/p>\n<p class=\"MsoNormal\" style=\"MARGIN: 0cm 0cm 0pt\"><span style=\"FONT-SIZE: 8pt; FONT-FAMILY: 'Comic Sans MS'\"><o:p>&nbsp;<\/o:p><\/span><\/p>\n<p class=\"MsoNormal\" style=\"MARGIN: 0cm 0cm 0pt\"><b style=\"mso-bidi-font-weight: normal\"><span style=\"FONT-SIZE: 14pt; COLOR: #cc0000; FONT-FAMILY: 'Comic Sans MS'\">Juan Jos\u00e9 Ib\u00e1\u00f1ez<o:p><\/o:p><\/span><\/b><\/p>\n","protected":false},"excerpt":{"rendered":"<p>Como ya os coment\u00e9 en la nota anterior sobre este tema, los impactos de los incendios forestales sobre el suelo, dependen de diversos factores, algunos de ellos imprevisibles, por cuanto dependen de las condiciones clim\u00e1ticas durante (viento y humedad de suelo y vegetaci\u00f3n) y posteriores al incendio (precipitaciones fundamentalmente).<\/p>\n","protected":false},"author":26,"featured_media":0,"comment_status":"open","ping_status":"open","sticky":false,"template":"","format":"standard","meta":{"ngg_post_thumbnail":0},"categories":[596,590,589,600,585],"tags":[],"blocksy_meta":{"styles_descriptor":{"styles":{"desktop":"","tablet":"","mobile":""},"google_fonts":[],"version":4}},"aioseo_notices":[],"_links":{"self":[{"href":"https:\/\/www.madrimasd.org\/blogs\/universo\/wp-json\/wp\/v2\/posts\/37527"}],"collection":[{"href":"https:\/\/www.madrimasd.org\/blogs\/universo\/wp-json\/wp\/v2\/posts"}],"about":[{"href":"https:\/\/www.madrimasd.org\/blogs\/universo\/wp-json\/wp\/v2\/types\/post"}],"author":[{"embeddable":true,"href":"https:\/\/www.madrimasd.org\/blogs\/universo\/wp-json\/wp\/v2\/users\/26"}],"replies":[{"embeddable":true,"href":"https:\/\/www.madrimasd.org\/blogs\/universo\/wp-json\/wp\/v2\/comments?post=37527"}],"version-history":[{"count":3,"href":"https:\/\/www.madrimasd.org\/blogs\/universo\/wp-json\/wp\/v2\/posts\/37527\/revisions"}],"predecessor-version":[{"id":134115,"href":"https:\/\/www.madrimasd.org\/blogs\/universo\/wp-json\/wp\/v2\/posts\/37527\/revisions\/134115"}],"wp:attachment":[{"href":"https:\/\/www.madrimasd.org\/blogs\/universo\/wp-json\/wp\/v2\/media?parent=37527"}],"wp:term":[{"taxonomy":"category","embeddable":true,"href":"https:\/\/www.madrimasd.org\/blogs\/universo\/wp-json\/wp\/v2\/categories?post=37527"},{"taxonomy":"post_tag","embeddable":true,"href":"https:\/\/www.madrimasd.org\/blogs\/universo\/wp-json\/wp\/v2\/tags?post=37527"}],"curies":[{"name":"wp","href":"https:\/\/api.w.org\/{rel}","templated":true}]}}