{"id":83655,"date":"2008-02-01T09:52:00","date_gmt":"2008-02-01T09:52:00","guid":{"rendered":"http:\/\/weblogs.madrimasd.org\/\/universo\/archive\/2008\/02\/01\/83655.aspx"},"modified":"2010-01-22T03:46:22","modified_gmt":"2010-01-22T02:46:22","slug":"el-conocimiento-agricola-de-los-mayas-en-las-zonas-de-karst-por-francisco-bautista-zuniga","status":"publish","type":"post","link":"https:\/\/www.madrimasd.org\/blogs\/universo\/2008\/02\/01\/83655","title":{"rendered":"El Conocimiento Agr\u00edcola de los Mayas en las Zonas de Karst (Por: Francisco Bautista Z\u00fa\u00f1iga)"},"content":{"rendered":"<p><P class=MsoNormal style=\"MARGIN: 0cm 0cm 0pt; TEXT-ALIGN: justify\"><B style=\"mso-bidi-font-weight: normal\"><SPAN lang=ES-TRAD style=\"FONT-SIZE: 10pt; COLOR: #3366ff; FONT-FAMILY: 'Comic Sans MS'\">En el estado de Yucat\u00e1n, M\u00e9xico, coexisten principalmente dos culturas, la maya actual y la mestiza<\/SPAN><\/B><SPAN lang=ES-TRAD style=\"FONT-SIZE: 10pt; FONT-FAMILY: 'Comic Sans MS'\">, producto de la fusi\u00f3n de la espa\u00f1ola con la maya prehisp\u00e1nica. <B style=\"mso-bidi-font-weight: normal\"><SPAN style=\"COLOR: #3366ff\">La agricultura refleja las diferencias culturales: la tradicional maya de milpa con<\/SPAN><\/B> roza, tumba y quema (RTQ), con el manejo del solar y de la vegetaci\u00f3n natural; <B style=\"mso-bidi-font-weight: normal\"><SPAN style=\"COLOR: #3366ff\">la mestiza con monocultivos, como<\/SPAN><\/B> los c\u00edtricos y pastizales; <B style=\"mso-bidi-font-weight: normal\"><SPAN style=\"COLOR: #3366ff\">y el henequ\u00e9n, que es una mezcla de ambas culturas. El sistema agr\u00edcola aut\u00f3ctono denominado milpa no est\u00e1 totalmente entendido por la gran mayor\u00eda de t\u00e9cnicos que<\/SPAN><\/B> apoyan la toma de decisiones en el \u00e1mbito gubernamental, a menudo se concibe, como un simple cultivo de ma\u00edz-fr\u00edjol-calabaza; ocasionando que los planes agropecuarios no logren el \u00e9xito programado.<o:p><\/o:p><\/SPAN><\/P> <P class=MsoNormal style=\"MARGIN: 0cm 0cm 0pt; TEXT-ALIGN: justify\"><SPAN lang=ES-TRAD style=\"FONT-SIZE: 10pt; FONT-FAMILY: 'Comic Sans MS'\"><o:p>&nbsp;<\/o:p><\/SPAN><\/P> <P class=MsoNormal style=\"MARGIN: 0cm 0cm 0pt; TEXT-ALIGN: justify\"><SPAN lang=ES-TRAD style=\"FONT-SIZE: 10pt; FONT-FAMILY: 'Comic Sans MS'\"><o:p><IMG style=\"WIDTH: 349px; HEIGHT: 461px\" height=859 src=\"\/blogs\/universo\/wp-content\/blogs.dir\/42\/files\/152\/o_Francisco%20Bautista.png\" width=572><\/o:p><\/SPAN><\/P> <P class=MsoNormal style=\"MARGIN: 0cm 0cm 0pt; TEXT-ALIGN: justify\"><SPAN lang=ES-TRAD style=\"FONT-SIZE: 10pt; FONT-FAMILY: 'Comic Sans MS'\"><o:p>&nbsp;<\/o:p><\/SPAN><\/P> <P class=MsoNormal style=\"MARGIN: 0cm 0cm 0pt; TEXT-ALIGN: justify\"><B style=\"mso-bidi-font-weight: normal\"><SPAN lang=ES-TRAD style=\"FONT-SIZE: 8pt; COLOR: #3366ff; FONT-FAMILY: 'Comic Sans MS'\">Francisco Bautista Z\u00fa\u00f1iga<o:p><\/o:p><\/SPAN><\/B><\/P><!--more--><P class=MsoNormal style=\"MARGIN: 0cm 0cm 0pt; TEXT-ALIGN: justify\"><B style=\"mso-bidi-font-weight: normal\"><SPAN lang=ES-TRAD style=\"FONT-SIZE: 10pt; COLOR: #3366ff; FONT-FAMILY: 'Comic Sans MS'\">En Mesoam\u00e9rica, la gente local<\/SPAN><\/B><SPAN lang=ES-TRAD style=\"FONT-SIZE: 10pt; FONT-FAMILY: 'Comic Sans MS'\"> (sean ind\u00edgenas, campesinos o productores), a trav\u00e9s de su experiencia, <B style=\"mso-bidi-font-weight: normal\"><SPAN style=\"COLOR: #3366ff\">ha acumulado conocimiento sobre las propiedades, el funcionamiento y el manejo de los recursos<\/SPAN><\/B> naturales. <B style=\"mso-bidi-font-weight: normal\"><SPAN style=\"COLOR: #3366ff\">El Conocimiento Local presenta las siguientes caracter\u00edsticas<\/SPAN><\/B>: restringido geogr\u00e1ficamente, considera la din\u00e1mica temporal, es colectivo, diacr\u00f3nico y hol\u00edstico; producto de una larga historia de observaci\u00f3n, an\u00e1lisis y manejo de los recursos naturales que es transmitido de forma oral de generaci\u00f3n en generaci\u00f3n. Incluye informaci\u00f3n sobre paisaje, geoformas, vegetaci\u00f3n, animales, hongos, minerales, suelos y cuerpos de agua. Los sistemas productivos dise\u00f1ados con base en <B style=\"mso-bidi-font-weight: normal\"><SPAN style=\"COLOR: #3366ff\">el \u201cConocimiento Local\u201d se sustentan principalmente en las interacciones ecol\u00f3gicas<\/SPAN><\/B>, por lo cual, a menudo, son <B style=\"mso-bidi-font-weight: normal\"><SPAN style=\"COLOR: #3366ff\">energ\u00e9ticamente eficientes; pero<\/SPAN><\/B> presentan <B style=\"mso-bidi-font-weight: normal\"><SPAN style=\"COLOR: #3366ff\">limitaciones econ\u00f3micas<\/SPAN><\/B> al no estar dirigidas al mercado sino al autoconsumo pero al menos o al mas, logran la subsistencia de la poblaci\u00f3n humana.<o:p><\/o:p><\/SPAN><\/P> <P class=MsoNormal style=\"MARGIN: 0cm 0cm 0pt\"><SPAN lang=ES-TRAD style=\"FONT-SIZE: 10pt; FONT-FAMILY: 'Comic Sans MS'\"><o:p>&nbsp;<\/o:p><\/SPAN><SPAN lang=ES-TRAD style=\"FONT-SIZE: 9pt; FONT-FAMILY: 'Comic Sans MS'\"><o:p>&nbsp;<\/P> <P class=MsoNormal style=\"MARGIN: 0cm 0cm 0pt; TEXT-ALIGN: justify\"><SPAN lang=ES-TRAD style=\"FONT-SIZE: 10pt; FONT-FAMILY: 'Comic Sans MS'\">A continuaci\u00f3n <B style=\"mso-bidi-font-weight: normal\"><SPAN style=\"COLOR: #3366ff\">narrar\u00e9 algunas particulares de lo que llamaremos el sistema agr\u00edcola MILPA MAYA YUCATECA<\/SPAN><\/B> que cumplen con algunos de los preceptos enunciados.<\/SPAN><\/P> <P class=MsoNormal style=\"MARGIN: 0cm 0cm 0pt; TEXT-ALIGN: justify\"><SPAN lang=ES-TRAD style=\"FONT-SIZE: 10pt; FONT-FAMILY: 'Comic Sans MS'\"><o:p><\/o:p><\/SPAN>&nbsp;<\/P><\/o:p><\/SPAN> <P class=MsoNormal style=\"MARGIN: 0cm 0cm 0pt\"><B style=\"mso-bidi-font-weight: normal\"><SPAN lang=ES-TRAD style=\"COLOR: green; FONT-FAMILY: 'Comic Sans MS'\">Los tipos de milpa durante el cultivo<\/SPAN><\/B><\/P> <P class=MsoNormal style=\"MARGIN: 0cm 0cm 0pt\"><B style=\"mso-bidi-font-weight: normal\"><SPAN lang=ES-TRAD style=\"COLOR: green; FONT-FAMILY: 'Comic Sans MS'\"><o:p><\/o:p><\/SPAN><\/B>&nbsp;<\/P> <P class=MsoNormal style=\"MARGIN: 0cm 0cm 0pt; TEXT-ALIGN: justify\"><SPAN lang=ES-TRAD style=\"FONT-SIZE: 10pt; FONT-FAMILY: 'Comic Sans MS'\">Hablaremos solo de una peque\u00f1a muestra de <B style=\"mso-bidi-font-weight: normal\"><SPAN style=\"COLOR: #3366ff\">cuatro tipos de milpa realizadas en la zona k\u00e1rstica <\/SPAN><\/B>de clima c\u00e1lido subh\u00famedo con lluvias en verano del <B style=\"mso-bidi-font-weight: normal\"><SPAN style=\"COLOR: #3366ff\">estado de Yucat\u00e1n, M\u00e9xico<\/SPAN><\/B>:<B style=\"mso-bidi-font-weight: normal\"><SPAN style=\"COLOR: #3366ff\"> 1)<\/SPAN><\/B> milpa de roza, tumba y quema (RTQ) con vegetaci\u00f3n arbustiva y arb\u00f3rea; <B style=\"mso-bidi-font-weight: normal\"><SPAN style=\"COLOR: #3366ff\">2)<\/SPAN><\/B> milpa ca\u00f1a de primer a\u00f1o, es decir, en un lugar en el que ya hubo milpa de RTQ; <B style=\"mso-bidi-font-weight: normal\"><SPAN style=\"COLOR: #3366ff\">3)<\/SPAN><\/B> milpa de segundo a\u00f1o, proveniente de una milpa ca\u00f1a de primer a\u00f1o; y <B style=\"mso-bidi-font-weight: normal\"><SPAN style=\"COLOR: #3366ff\">4)<\/SPAN><\/B> milpa intensiva restringida a realizarse en las planadas con suelos profundos del tipo Cambisol o Luvisol, en ellas se utilizan esti\u00e9rcol, labranza manual con azad\u00f3n y cultivos de cobertera (CC) con leguminosas herb\u00e1ceas, entre las que destaca <I style=\"mso-bidi-font-style: normal\">Mucuna deerengianum<\/I>, y las leguminosas locales, como Ib grande (<I style=\"mso-bidi-font-style: normal\">Phaseolus lunatus<\/I>), Ib chico (<I style=\"mso-bidi-font-style: normal\">P.lunatus)<\/I>, Xcolibuul (<I style=\"mso-bidi-font-style: normal\">P. vulgaris<\/I>) y Espel\u00f3n (<I style=\"mso-bidi-font-style: normal\">Vigna unguiculata<\/I>) (<B style=\"mso-bidi-font-weight: normal\"><SPAN style=\"COLOR: green\">Figura 1<\/SPAN><\/B>). Todos los campesinos tienen milpas de RTQ, algunos tienen milpas ca\u00f1a de primer a\u00f1o, unos cuantos campesinos tienen milpa ca\u00f1a de segundo a\u00f1o y s\u00f3lo 2% tienen milpas intensivas.<o:p><\/o:p><\/SPAN><\/P> <P class=MsoNormal style=\"MARGIN: 0cm 0cm 0pt; TEXT-ALIGN: justify\"><SPAN lang=ES-TRAD style=\"FONT-SIZE: 10pt; FONT-FAMILY: 'Comic Sans MS'\"><o:p>&nbsp;<\/o:p><\/SPAN><\/P> <P class=MsoNormal style=\"MARGIN: 0cm 0cm 0pt; TEXT-ALIGN: justify\"><SPAN lang=ES-TRAD style=\"FONT-SIZE: 10pt; FONT-FAMILY: 'Comic Sans MS'\"><o:p><IMG style=\"WIDTH: 430px; HEIGHT: 252px\" height=276 src=\"\/blogs\/universo\/wp-content\/blogs.dir\/42\/files\/255\/o_Bautista%20Figura%201.png\" width=483><\/o:p><\/SPAN><\/P> <P class=MsoNormal style=\"MARGIN: 0cm 0cm 0pt; TEXT-ALIGN: justify\"><SPAN lang=ES-TRAD style=\"FONT-SIZE: 10pt; FONT-FAMILY: 'Comic Sans MS'\"><o:p>&nbsp;<\/o:p><\/SPAN><\/P> <P class=MsoNormal style=\"MARGIN: 0cm 0cm 0pt; TEXT-ALIGN: justify\"><B style=\"mso-bidi-font-weight: normal\"><SPAN lang=ES-TRAD style=\"FONT-SIZE: 8pt; COLOR: #3366ff; FONT-FAMILY: 'Comic Sans MS'\">Figura 1. Fuente: Francisco Bautista Z\u00fa\u00f1iga<\/SPAN><\/B><\/P> <P class=MsoNormal style=\"MARGIN: 0cm 0cm 0pt; TEXT-ALIGN: justify\"><B style=\"mso-bidi-font-weight: normal\"><SPAN lang=ES-TRAD style=\"FONT-SIZE: 8pt; COLOR: #3366ff; FONT-FAMILY: 'Comic Sans MS'\"><\/SPAN><\/B>&nbsp;<\/P><SPAN lang=ES-TRAD style=\"FONT-SIZE: 8pt; COLOR: #3366ff; FONT-FAMILY: 'Comic Sans MS'\"><o:p> <P class=MsoNormal style=\"MARGIN: 0cm 0cm 0pt; TEXT-ALIGN: justify\"><SPAN lang=ES-TRAD style=\"FONT-SIZE: 10pt; FONT-FAMILY: 'Comic Sans MS'\"><FONT color=#000000>En la siembra <\/FONT><SPAN style=\"COLOR: #3366ff\"><STRONG>se colocan juntas las semillas de ma\u00edz y las de los cultivos acompa\u00f1antes<\/STRONG><\/SPAN><FONT color=#000000>, se realiza con palo sembrador y se colocan ocho semillas por golpe (hoyo). <\/FONT><SPAN style=\"COLOR: #3366ff\"><STRONG>La siembra se realiza al<\/STRONG><\/SPAN><FONT color=#000000> inicio de la \u00e9poca de lluvia, en general al final del mes de mayo. La distancia de siembra es de 1 x <\/FONT><\/SPAN><?xml:namespace prefix = st1 ns = \"urn:schemas-microsoft-com:office:smarttags\" \/><st1:metricconverter ProductID=\"1 m\"><SPAN lang=ES-TRAD style=\"FONT-SIZE: 10pt; FONT-FAMILY: 'Comic Sans MS'\"><FONT color=#000000>1 m<\/FONT><\/SPAN><\/st1:metricconverter><SPAN lang=ES-TRAD style=\"FONT-SIZE: 10pt; FONT-FAMILY: 'Comic Sans MS'\"><FONT color=#000000>, se utiliza una variedad de ma\u00edz local denominada Xmeje nal para los <\/FONT><SPAN style=\"COLOR: #3366ff\"><STRONG>suelos de Boxlu\u2019um <\/STRONG><\/SPAN><FONT color=#000000>y una variedad mejorada para los <\/FONT><SPAN style=\"COLOR: #3366ff\"><STRONG>suelos de Kancab<\/STRONG><\/SPAN><FONT color=#000000>.<SPAN style=\"mso-spacerun: yes\">&nbsp; <\/SPAN><o:p><\/o:p><\/FONT><\/SPAN><\/P> <P class=MsoNormal style=\"MARGIN: 0cm 0cm 0pt\"><SPAN lang=ES-TRAD style=\"FONT-SIZE: 10pt; FONT-FAMILY: 'Comic Sans MS'\"><o:p><FONT color=#000000>&nbsp;<SPAN lang=ES-TRAD style=\"FONT-SIZE: 10pt; FONT-FAMILY: 'Comic Sans MS'\"><o:p>&nbsp;<\/o:p><\/SPAN><\/P> <P class=MsoNormal style=\"MARGIN: 0cm 0cm 0pt; TEXT-ALIGN: justify\"><B style=\"mso-bidi-font-weight: normal\"><SPAN lang=ES-TRAD style=\"FONT-SIZE: 10pt; COLOR: #3366ff; FONT-FAMILY: 'Comic Sans MS'\">El control de las arvenses se realiza a <\/SPAN><\/B><SPAN lang=ES-TRAD style=\"FONT-SIZE: 10pt; FONT-FAMILY: 'Comic Sans MS'\">30 d\u00edas despu\u00e9s de la siembra (<B style=\"mso-bidi-font-weight: normal\"><SPAN style=\"COLOR: #3366ff\">DDS<\/SPAN><\/B>) y un segundo deshierbe a 60 DDS. Cuando la mazorca ya est\u00e1 formada, se procede a la <B style=\"mso-bidi-font-weight: normal\"><SPAN style=\"COLOR: #3366ff\">\u201cdobla\u201d <\/SPAN><\/B>para protegerla de la humedad y de las aves. <B style=\"mso-bidi-font-weight: normal\"><SPAN style=\"COLOR: #3366ff\">La cosecha del grano se realiza conforme<\/SPAN><\/B> el campesino la necesita. En las milpas de <B style=\"mso-bidi-font-weight: normal\"><SPAN style=\"COLOR: #3366ff\">RTQ<\/SPAN><\/B>, ca\u00f1a de primero y segundo a\u00f1os se cultivan camote, yuca y ma\u00edz<SPAN style=\"mso-spacerun: yes\">&nbsp; <\/SPAN>en las partes bajas del relieve, en las que predomina el <B style=\"mso-bidi-font-weight: normal\"><SPAN style=\"COLOR: #3366ff\">Kancab (Cambisol\/Luvisol)<\/SPAN><\/B>. En las partes altas del micro y meso relieve con <B style=\"mso-bidi-font-weight: normal\"><SPAN style=\"COLOR: #3366ff\">Boxlu\u2019um (Leptosol principalmente)<\/SPAN><\/B>, se cultiva ma\u00edz con calabaza y fr\u00edjol. <\/SPAN><\/P> <P class=MsoNormal style=\"MARGIN: 0cm 0cm 0pt; TEXT-ALIGN: justify\"><SPAN lang=ES-TRAD style=\"FONT-SIZE: 10pt; FONT-FAMILY: 'Comic Sans MS'\"><\/SPAN>&nbsp;<\/P><SPAN lang=ES-TRAD style=\"FONT-SIZE: 10pt; FONT-FAMILY: 'Comic Sans MS'\"> <P class=MsoNormal style=\"MARGIN: 0cm 0cm 0pt\"><SPAN lang=ES-TRAD style=\"FONT-SIZE: 10pt; FONT-FAMILY: 'Comic Sans MS'\"><o:p>&nbsp;<\/o:p><\/SPAN><\/P> <P class=MsoNormal style=\"MARGIN: 0cm 0cm 0pt; TEXT-ALIGN: justify\"><B style=\"mso-bidi-font-weight: normal\"><SPAN lang=ES-TRAD style=\"FONT-SIZE: 10pt; COLOR: #3366ff; FONT-FAMILY: 'Comic Sans MS'\">En las milpas intensivas el cultivo principal es ma\u00edz. Los CC <SPAN style=\"mso-spacerun: yes\">&nbsp;<\/SPAN>(cultivos de cobertera) se siembran<\/SPAN><\/B><SPAN lang=ES-TRAD style=\"FONT-SIZE: 10pt; FONT-FAMILY: 'Comic Sans MS'\"> de <\/SPAN><st1:metricconverter ProductID=\"15 a\"><SPAN lang=ES-TRAD style=\"FONT-SIZE: 10pt; FONT-FAMILY: 'Comic Sans MS'\">15 a<\/SPAN><\/st1:metricconverter><SPAN lang=ES-TRAD style=\"FONT-SIZE: 10pt; FONT-FAMILY: 'Comic Sans MS'\"> 30 DDS del ma\u00edz, con esto se impide la siembra de camote, yuca, fr\u00edjol y calabaza, pero se controlan las arvenses, se abona el suelo, se genera semilla de uso forrajero y\/o comestible dependiendo del CC. Se recomienda la evaluaci\u00f3n de los supuestos de mejoramiento de la fertilidad y del control de arvenses por cada especie de CC utilizado, ya que la experiencia indica que no funcionan de la misma manera todas las especies de leguminosas.<o:p><\/o:p><\/SPAN><\/P> <P class=MsoNormal style=\"MARGIN: 0cm 0cm 0pt; TEXT-ALIGN: justify\"><SPAN lang=ES-TRAD style=\"FONT-SIZE: 10pt; FONT-FAMILY: 'Comic Sans MS'\"><o:p>&nbsp;<\/o:p><\/SPAN><\/P> <P class=MsoNormal style=\"MARGIN: 0cm 0cm 0pt; TEXT-ALIGN: justify\"><B style=\"mso-bidi-font-weight: normal\"><SPAN lang=ES-TRAD style=\"FONT-SIZE: 10pt; COLOR: #3366ff; FONT-FAMILY: 'Comic Sans MS'\">En lugares de mayor humedad a\u00fan dentro del estado de Yucat\u00e1n, Ter\u00e1n y Rasmussen (1994) reportaron 25 especies vegetales con 87 variantes que son cultivadas en la milpa maya<\/SPAN><\/B><SPAN lang=ES-TRAD style=\"FONT-SIZE: 10pt; FONT-FAMILY: 'Comic Sans MS'\">, de ellas, <B style=\"mso-bidi-font-weight: normal\"><SPAN style=\"COLOR: #3366ff\">seis son variedades de ma\u00edz con 14 variantes y nueve tiempos de duraci\u00f3n del cultivo<\/SPAN><\/B>. Las variantes se cultivan selectivamente en los tipos de milpa, ya sean de RTQ o ca\u00f1a de primero y segundo a\u00f1o. Los tipos de milpa y las especies vegetales cultivadas encontradas en este estudio no son tan abundantes como los reportes mencionados; sin embargo, es claro que la situaci\u00f3n agr\u00edcola es m\u00e1s compleja que un simple cultivo de ma\u00edz, fr\u00edjol y calabaza.<o:p><\/o:p><\/SPAN><\/P> <P class=MsoNormal style=\"MARGIN: 0cm 0cm 0pt; TEXT-ALIGN: justify\"><SPAN lang=ES-TRAD style=\"FONT-SIZE: 10pt; FONT-FAMILY: 'Comic Sans MS'\"><o:p><\/o:p><\/SPAN><\/P><\/SPAN><\/FONT><\/o:p><\/SPAN> <P class=MsoNormal style=\"MARGIN: 0cm 0cm 0pt; TEXT-ALIGN: justify\"><SPAN lang=ES-TRAD style=\"COLOR: green; FONT-FAMILY: 'Comic Sans MS'\"><STRONG><FONT size=3><\/FONT><\/STRONG><\/SPAN>&nbsp;<\/P> <P class=MsoNormal style=\"MARGIN: 0cm 0cm 0pt; TEXT-ALIGN: justify\"><SPAN lang=ES-TRAD style=\"COLOR: green; FONT-FAMILY: 'Comic Sans MS'\"><STRONG><FONT size=3>La din\u00e1mica temporal de la milpa<o:p><\/o:p><\/FONT><\/STRONG><\/SPAN><\/P> <P class=MsoNormal style=\"MARGIN: 0cm 0cm 6pt; TEXT-ALIGN: justify\"><SPAN lang=ES-TRAD style=\"FONT-SIZE: 11pt; mso-bidi-font-size: 12.0pt\"><o:p><FONT face=\"Times New Roman\" color=#000000>&nbsp;<\/FONT><\/o:p><\/SPAN><\/P> <P class=MsoNormal style=\"MARGIN: 0cm 0cm 0pt\"><SPAN lang=ES-TRAD style=\"FONT-SIZE: 10pt; FONT-FAMILY: 'Comic Sans MS'\"><o:p><FONT color=#000000><\/P> <P class=MsoNormal style=\"MARGIN: 0cm 0cm 0pt; TEXT-ALIGN: justify\"><B style=\"mso-bidi-font-weight: normal\"><SPAN lang=ES-TRAD style=\"FONT-SIZE: 10pt; COLOR: #3366ff; FONT-FAMILY: 'Comic Sans MS'\">Seg\u00fan la experiencia campesina, el tipo de uso del terreno previo a la milpa de RTQ afecta el rendimiento de los cultivos<\/SPAN><\/B><SPAN lang=ES-TRAD style=\"FONT-SIZE: 10pt; FONT-FAMILY: 'Comic Sans MS'\">. Los terrenos provenientes de henequenales abandonados (<B style=\"mso-bidi-font-weight: normal\"><SPAN style=\"COLOR: #3366ff\">Xlapach<\/SPAN><\/B> en maya) son menos f\u00e9rtiles en comparaci\u00f3n con los que provienen de otra milpa, debido a la intensidad de la explotaci\u00f3n (de <\/SPAN><st1:metricconverter ProductID=\"20 a\"><SPAN lang=ES-TRAD style=\"FONT-SIZE: 10pt; FONT-FAMILY: 'Comic Sans MS'\">20 a<\/SPAN><\/st1:metricconverter><SPAN lang=ES-TRAD style=\"FONT-SIZE: 10pt; FONT-FAMILY: 'Comic Sans MS'\"> 25 a\u00f1os con henequ\u00e9n y de dos a cuatro a\u00f1os con milpa), y a que las ra\u00edces de la vegetaci\u00f3n espinosa del Xlapach (<I style=\"mso-bidi-font-style: normal\">Pithecellobium albicans, Mimosa bahamensis, Acacia spp., Ceiba aesculifolia<\/I>) impiden el buen desarrollo de los cultivos de la milpa. Tambi\u00e9n se dificulta el corte de los \u00e1rboles (tumba) y el control de arvenses.<o:p><\/o:p><\/SPAN><\/P> <P class=MsoNormal style=\"MARGIN: 0cm 0cm 0pt; TEXT-ALIGN: justify\"><SPAN lang=ES-TRAD style=\"FONT-SIZE: 10pt; FONT-FAMILY: 'Comic Sans MS'\"><o:p>&nbsp;<\/o:p><\/SPAN><\/P> <P class=MsoNormal style=\"MARGIN: 0cm 0cm 0pt; TEXT-ALIGN: justify\"><B style=\"mso-bidi-font-weight: normal\"><SPAN lang=ES-TRAD style=\"FONT-SIZE: 10pt; COLOR: #3366ff; FONT-FAMILY: 'Comic Sans MS'\">Los campesinos identifican que<\/SPAN><\/B><SPAN lang=ES-TRAD style=\"FONT-SIZE: 10pt; FONT-FAMILY: 'Comic Sans MS'\"> se ha reducido el <B style=\"mso-bidi-font-weight: normal\"><SPAN style=\"COLOR: #3366ff\">tiempo de barbecho<\/SPAN><\/B> de <\/SPAN><st1:metricconverter ProductID=\"26 a\"><SPAN lang=ES-TRAD style=\"FONT-SIZE: 10pt; FONT-FAMILY: 'Comic Sans MS'\">26 a<\/SPAN><\/st1:metricconverter><SPAN lang=ES-TRAD style=\"FONT-SIZE: 10pt; FONT-FAMILY: 'Comic Sans MS'\"> 15 a\u00f1os en promedio y saben que la realizaci\u00f3n de la milpa en barbechos de cuatro a\u00f1os (<B style=\"mso-bidi-font-weight: normal\"><SPAN style=\"COLOR: #3366ff\">Hubche<\/SPAN><\/B> en maya) se dificulta por la mayor densidad de la vegetaci\u00f3n, lo cual ocasiona una mayor demanda de mano de obra. <B style=\"mso-bidi-font-weight: normal\"><SPAN style=\"COLOR: #3366ff\">El rendimiento de ma\u00edz llega a fluctuar entre<\/SPAN><\/B> 125 y <\/SPAN><st1:metricconverter ProductID=\"500 kg\"><SPAN lang=ES-TRAD style=\"FONT-SIZE: 10pt; FONT-FAMILY: 'Comic Sans MS'\">500 kg<\/SPAN><\/st1:metricconverter><SPAN lang=ES-TRAD style=\"FONT-SIZE: 10pt; FONT-FAMILY: 'Comic Sans MS'\"> ha-1 dependiendo de la lluvia y del manejo de las arvenses. Es por ello que en estas condiciones s\u00f3lo se cultiva un a\u00f1o. Adem\u00e1s, no se obtiene madera, s\u00f3lo un poco de <B style=\"mso-bidi-font-weight: normal\"><SPAN style=\"COLOR: #3366ff\">le\u00f1a,<\/SPAN><\/B> pero si hay <B style=\"mso-bidi-font-weight: normal\"><SPAN style=\"COLOR: #3366ff\">aprovechamiento de fauna silvestre<\/SPAN><\/B>. <o:p><\/o:p><\/SPAN><\/P> <P class=MsoNormal style=\"MARGIN: 0cm 0cm 0pt\"><SPAN lang=ES-TRAD style=\"FONT-SIZE: 10pt; FONT-FAMILY: 'Comic Sans MS'\"><o:p>&nbsp;<\/o:p><\/SPAN><\/P> <P class=MsoNormal style=\"MARGIN: 0cm 0cm 0pt\"><SPAN lang=ES-TRAD style=\"FONT-SIZE: 10pt; FONT-FAMILY: 'Comic Sans MS'\"><o:p>&nbsp;<\/o:p><\/SPAN><\/P> <P class=MsoNormal style=\"MARGIN: 0cm 0cm 0pt\"><\/FONT><\/o:p><\/SPAN><\/P> <P class=MsoNormal style=\"MARGIN: 0cm 0cm 0pt\"><SPAN lang=ES-TRAD style=\"FONT-SIZE: 10pt; FONT-FAMILY: 'Comic Sans MS'\"><o:p><FONT color=#000000>&nbsp;<IMG style=\"WIDTH: 444px; HEIGHT: 338px\" height=370 src=\"\/blogs\/universo\/wp-content\/blogs.dir\/42\/files\/255\/o_Bautista%20Figura%202.png\" width=528><\/FONT><\/o:p><\/SPAN><\/P> <P class=MsoNormal style=\"MARGIN: 0cm 0cm 0pt\"><SPAN lang=ES-TRAD style=\"FONT-SIZE: 8pt; COLOR: #3366ff; FONT-FAMILY: 'Comic Sans MS'\"><STRONG>Esquema simplificado de los tipos de milpa en Hocab\u00e1, Yucat\u00e1n. <o:p><\/o:p><\/STRONG><\/SPAN><\/P> <P class=MsoNormal style=\"MARGIN: 0cm 0cm 0pt\"><B style=\"mso-bidi-font-weight: normal\"><SPAN lang=ES-TRAD style=\"FONT-SIZE: 8pt; COLOR: #3366ff; FONT-FAMILY: 'Comic Sans MS'\">CC (cultivos de cobertera): Fuente Fco. Bautista Z\u00fa\u00f1iga.<\/SPAN><\/B><\/P><SPAN lang=ES-TRAD style=\"FONT-SIZE: 8pt; COLOR: #3366ff; FONT-FAMILY: 'Comic Sans MS'\"><o:p> <P class=MsoNormal style=\"MARGIN: 0cm 0cm 0pt; TEXT-ALIGN: justify\"><SPAN><FONT color=#000000>&nbsp;<\/P> <P class=MsoNormal style=\"MARGIN: 0cm 0cm 0pt; TEXT-ALIGN: justify\"><B style=\"mso-bidi-font-weight: normal\"><SPAN lang=ES-TRAD style=\"FONT-SIZE: 10pt; COLOR: #3366ff; FONT-FAMILY: 'Comic Sans MS'\"><o:p>&nbsp;<\/o:p><\/SPAN><\/B><\/P> <P class=MsoNormal style=\"MARGIN: 0cm 0cm 0pt; TEXT-ALIGN: justify\"><B style=\"mso-bidi-font-weight: normal\"><SPAN lang=ES-TRAD style=\"FONT-SIZE: 10pt; COLOR: #3366ff; FONT-FAMILY: 'Comic Sans MS'\">En barbechos de 15 a\u00f1os (monte joven Ta\u2019ankenlem k\u2019aax en maya), es posible cultivar la milpa dos a\u00f1os<\/SPAN><\/B><SPAN lang=ES-TRAD style=\"FONT-SIZE: 10pt; FONT-FAMILY: 'Comic Sans MS'\">. <\/SPAN><st1:PersonName ProductID=\"La RTQ\"><B style=\"mso-bidi-font-weight: normal\"><SPAN style=\"COLOR: #3366ff\"><SPAN lang=ES-TRAD style=\"FONT-SIZE: 10pt; FONT-FAMILY: 'Comic Sans MS'\">La RTQ<\/SPAN><\/SPAN><\/B><\/st1:PersonName><B style=\"mso-bidi-font-weight: normal\"><SPAN lang=ES-TRAD style=\"FONT-SIZE: 10pt; COLOR: #3366ff; FONT-FAMILY: 'Comic Sans MS'\"> <\/SPAN><\/B><SPAN lang=ES-TRAD style=\"FONT-SIZE: 10pt; FONT-FAMILY: 'Comic Sans MS'\">no requiere de mucha mano de obra y se obtiene <B style=\"mso-bidi-font-weight: normal\"><SPAN style=\"COLOR: #3366ff\">le\u00f1a <\/SPAN><\/B>y algo de <B style=\"mso-bidi-font-weight: normal\"><SPAN style=\"COLOR: #3366ff\">madera<\/SPAN><\/B>. La producci\u00f3n de <B style=\"mso-bidi-font-weight: normal\"><SPAN style=\"COLOR: #3366ff\">ma\u00edz,<\/SPAN><\/B> cuando la precipitaci\u00f3n es favorable, llega a ser de <\/SPAN><st1:metricconverter ProductID=\"1050 kg\"><SPAN lang=ES-TRAD style=\"FONT-SIZE: 10pt; FONT-FAMILY: 'Comic Sans MS'\">1050 kg<\/SPAN><\/st1:metricconverter><SPAN lang=ES-TRAD style=\"FONT-SIZE: 10pt; FONT-FAMILY: 'Comic Sans MS'\"> ha<SUP>-1<\/SUP> en el primer a\u00f1o y de <\/SPAN><st1:metricconverter ProductID=\"625 kg\"><SPAN lang=ES-TRAD style=\"FONT-SIZE: 10pt; FONT-FAMILY: 'Comic Sans MS'\">625 kg<\/SPAN><\/st1:metricconverter><SPAN lang=ES-TRAD style=\"FONT-SIZE: 10pt; FONT-FAMILY: 'Comic Sans MS'\"> ha<SUP>-1<\/SUP> en el segundo, debido a la proliferaci\u00f3n de arvenses y la disminuci\u00f3n de la fertilidad del suelo. <o:p><\/o:p><\/SPAN><\/P> <P class=MsoNormal style=\"MARGIN: 0cm 0cm 0pt; TEXT-ALIGN: justify\"><SPAN lang=ES-TRAD style=\"FONT-SIZE: 10pt; FONT-FAMILY: 'Comic Sans MS'\"><o:p>&nbsp;<\/o:p><\/SPAN><\/P> <P class=MsoNormal style=\"MARGIN: 0cm 0cm 0pt; TEXT-ALIGN: justify\"><B style=\"mso-bidi-font-weight: normal\"><SPAN lang=ES-TRAD style=\"FONT-SIZE: 10pt; COLOR: #3366ff; FONT-FAMILY: 'Comic Sans MS'\">En barbechos de m\u00e1s de 20 a\u00f1os (Nuukush k\u2019aax en maya), la tumba de la vegetaci\u00f3n (corte de \u00e1rboles) se facilita, debido a <\/SPAN><\/B><SPAN lang=ES-TRAD style=\"FONT-SIZE: 10pt; FONT-FAMILY: 'Comic Sans MS'\">que los \u00e1rboles espinosos no presentan espinas en sus troncos a esas edades. La producci\u00f3n de<B style=\"mso-bidi-font-weight: normal\"><SPAN style=\"COLOR: #3366ff\"> ma\u00edz e<\/SPAN><\/B>n la milpa es mayor que 1 t ha<SUP>-1<\/SUP> y, aun en casos de can\u00edcula intensa, el suelo retiene humedad y, por esto, es posible alcanzar una producci\u00f3n de ma\u00edz de <\/SPAN><st1:metricconverter ProductID=\"500 kg\"><SPAN lang=ES-TRAD style=\"FONT-SIZE: 10pt; FONT-FAMILY: 'Comic Sans MS'\">500 kg<\/SPAN><\/st1:metricconverter><SPAN lang=ES-TRAD style=\"FONT-SIZE: 10pt; FONT-FAMILY: 'Comic Sans MS'\"> ha<SUP>-1<\/SUP>. Los <B style=\"mso-bidi-font-weight: normal\"><SPAN style=\"COLOR: #3366ff\">beneficios forestales son abundantes<\/SPAN><\/B>, as\u00ed como relacionados con el <B style=\"mso-bidi-font-weight: normal\"><SPAN style=\"COLOR: #3366ff\">uso de la fauna silvestre<\/SPAN><\/B>.<o:p><\/o:p><\/SPAN><\/P> <P class=MsoNormal style=\"MARGIN: 0cm 0cm 0pt\"><B style=\"mso-bidi-font-weight: normal\"><SPAN lang=ES-TRAD style=\"FONT-SIZE: 10pt; COLOR: #3366ff; FONT-FAMILY: 'Comic Sans MS'\"><o:p>&nbsp;<\/o:p><\/SPAN><\/B><\/P> <P class=MsoNormal style=\"MARGIN: 0cm 0cm 0pt\"><B style=\"mso-bidi-font-weight: normal\"><SPAN lang=ES-TRAD style=\"FONT-SIZE: 10pt; COLOR: #3366ff; FONT-FAMILY: 'Comic Sans MS'\">En el dise\u00f1o de nuevas formas de cultivo o del mejoramiento de las existentes esta informaci\u00f3n de la din\u00e1mica de la vegetaci\u00f3n secundaria es b\u00e1sica y de suma importancia.<o:p><\/o:p><\/SPAN><\/B><\/P> <P class=MsoNormal style=\"MARGIN: 0cm 0cm 0pt\"><SPAN lang=ES-TRAD style=\"FONT-SIZE: 10pt; FONT-FAMILY: 'Comic Sans MS'\"><o:p>&nbsp;<\/o:p><\/SPAN><\/P> <P class=MsoNormal style=\"MARGIN: 0cm 0cm 0pt; TEXT-ALIGN: justify\"><SPAN lang=ES-TRAD style=\"FONT-SIZE: 10pt; COLOR: green; FONT-FAMILY: 'Comic Sans MS'\"><STRONG>Arvenses: \u00bfmalezas o recurso?<o:p><\/o:p><\/STRONG><\/SPAN><\/P> <P class=MsoNormal style=\"MARGIN: 0cm 0cm 0pt; TEXT-ALIGN: justify\"><SPAN lang=ES-TRAD style=\"FONT-SIZE: 10pt; FONT-FAMILY: 'Comic Sans MS'\"><o:p>&nbsp;<\/o:p><\/SPAN><\/P> <P class=MsoNormal style=\"MARGIN: 0cm 0cm 0pt; TEXT-ALIGN: justify\"><B style=\"mso-bidi-font-weight: normal\"><SPAN lang=ES-TRAD style=\"FONT-SIZE: 10pt; COLOR: #3366ff; FONT-FAMILY: 'Comic Sans MS'\">Para los campesinos es claro que las arvenses influyen, de manera negativa, en la rentabilidad de la milpa, as\u00ed que s\u00f3lo cultivan dos a\u00f1os, ya que al tercer a\u00f1o<\/SPAN><\/B><SPAN lang=ES-TRAD style=\"FONT-SIZE: 10pt; FONT-FAMILY: 'Comic Sans MS'\"> la proliferaci\u00f3n de arvenses es alta y su control requiere de mucho esfuerzo f\u00edsico. Argumentan que las arvenses proliferan en los campos de cultivos con diversa intensidad, dependiendo del manejo y de la historia de uso de la parcela. <B style=\"mso-bidi-font-weight: normal\"><SPAN style=\"COLOR: #3366ff\">Las arvenses son un problema mayor en el tercer a\u00f1o en Nuukush k\u2019aax y en el segundo a\u00f1o en Hubche<\/SPAN><\/B>. <\/SPAN><\/P> <P class=MsoNormal style=\"MARGIN: 0cm 0cm 0pt; TEXT-ALIGN: justify\"><SPAN lang=ES-TRAD style=\"FONT-SIZE: 10pt; FONT-FAMILY: 'Comic Sans MS'\"><o:p><\/o:p><\/SPAN>&nbsp;<\/P> <P class=MsoNormal style=\"MARGIN: 0cm 0cm 0pt; TEXT-ALIGN: justify\"><B style=\"mso-bidi-font-weight: normal\"><SPAN lang=ES-TRAD style=\"FONT-SIZE: 10pt; COLOR: #3366ff; FONT-FAMILY: 'Comic Sans MS'\">Pool y Hern\u00e1ndez-X (1987) reportaron<\/SPAN><\/B><SPAN lang=ES-TRAD style=\"FONT-SIZE: 10pt; FONT-FAMILY: 'Comic Sans MS'\"> el empleo de 12.5 jornales ha<SUP>-1<\/SUP> en el primer a\u00f1o y 25 jornales ha<SUP>-1<\/SUP> para el segundo, cuando el deshierbe es total se utilizan 50 en el primer a\u00f1o y 100 jornales en el segundo. Adem\u00e1s, el periodo entre la quema y el primer deshierbe se reduce de <\/SPAN><st1:metricconverter ProductID=\"3.5 a\"><SPAN lang=ES-TRAD style=\"FONT-SIZE: 10pt; FONT-FAMILY: 'Comic Sans MS'\">3.5 a<\/SPAN><\/st1:metricconverter><SPAN lang=ES-TRAD style=\"FONT-SIZE: 10pt; FONT-FAMILY: 'Comic Sans MS'\"> 2 meses entre el primer y segundo a\u00f1o, respectivamente.<SPAN style=\"mso-spacerun: yes\">&nbsp; <\/SPAN><o:p><\/o:p><\/SPAN><\/P> <P class=MsoNormal style=\"MARGIN: 0cm 0cm 0pt; TEXT-ALIGN: justify\"><SPAN lang=ES-TRAD style=\"FONT-SIZE: 10pt; FONT-FAMILY: 'Comic Sans MS'\"><o:p>&nbsp;<\/o:p><\/SPAN><\/P> <P class=MsoNormal style=\"MARGIN: 0cm 0cm 0pt; TEXT-ALIGN: justify\"><SPAN lang=ES-TRAD style=\"FONT-SIZE: 10pt; FONT-FAMILY: 'Comic Sans MS'\">En la regi\u00f3n, <B style=\"mso-bidi-font-weight: normal\"><SPAN style=\"COLOR: #3366ff\">el uso de herbicidas es una pr\u00e1ctica com\u00fan<\/SPAN><\/B> y los herbicidas m\u00e1s utilizados son<B style=\"mso-bidi-font-weight: normal\"><SPAN style=\"COLOR: #3366ff\"> Paraquat dichloride y 2,4-D. Ambos de uso restringido en otros pa\u00edses. El Glifosato comienza a promoverse;<\/SPAN><\/B> as\u00ed como el uso de <B style=\"mso-bidi-font-weight: normal\"><SPAN style=\"COLOR: #3366ff\">leguminosas como cultivos de cobertera para el control de arvenses<\/SPAN><\/B>, principalmente a <I style=\"mso-bidi-font-style: normal\">Mucuna deerenganum<\/I>.<o:p><\/o:p><\/SPAN><\/P> <P class=MsoNormal style=\"MARGIN: 0cm 0cm 0pt; TEXT-ALIGN: justify\"><SPAN lang=ES-TRAD style=\"FONT-SIZE: 10pt; FONT-FAMILY: 'Comic Sans MS'\"><o:p>&nbsp;<\/o:p><\/SPAN><\/P> <P class=MsoNormal style=\"MARGIN: 0cm 0cm 0pt; TEXT-ALIGN: justify\"><B style=\"mso-bidi-font-weight: normal\"><SPAN lang=ES-TRAD style=\"FONT-SIZE: 10pt; COLOR: #3366ff; FONT-FAMILY: 'Comic Sans MS'\">No es posible generar recetas ni paquetes tecnol\u00f3gicos para el manejo de las arvenses, debido a las diversas situaciones que se presentan<\/SPAN><\/B><SPAN lang=ES-TRAD style=\"FONT-SIZE: 10pt; FONT-FAMILY: 'Comic Sans MS'\">, como barbecho, \u00e9poca de siembra, cultivos principales, cultivos acompa\u00f1antes, precipitaci\u00f3n pluvial, usos de cultivos de cobertera y uso de mantillos. Se sugiere analizar cada caso en especial de acuerdo con sus circunstancias particulares lo cual ayudar\u00e1 a una mejor toma de decisiones. Por ejemplo, en el primer a\u00f1o de cultivo,<B style=\"mso-bidi-font-weight: normal\"><SPAN style=\"COLOR: #3366ff\"> el control de arvenses mediante herbicidas<\/SPAN><\/B> puede llegar a ser el m\u00e1s adecuado; para el segundo o tercer ciclo de cultivo, dependiendo del tipo de barbecho proveniente,<B style=\"mso-bidi-font-weight: normal\"><SPAN style=\"COLOR: #3366ff\"> el uso de cultivos de cobertera es recomendable<\/SPAN><\/B>. <o:p><\/o:p><\/SPAN><\/P> <P class=MsoNormal style=\"MARGIN: 0cm 0cm 0pt; TEXT-ALIGN: justify\"><SPAN lang=ES-TRAD style=\"FONT-SIZE: 10pt; FONT-FAMILY: 'Comic Sans MS'\"><o:p>&nbsp;<\/o:p><\/SPAN><\/P> <P class=MsoNormal style=\"MARGIN: 0cm 0cm 0pt; TEXT-ALIGN: justify\"><o:p><\/o:p><\/FONT><\/SPAN>&nbsp;<\/P> <P class=MsoNormal style=\"MARGIN: 0cm 0cm 0pt; TEXT-ALIGN: justify\"><SPAN lang=ES-TRAD style=\"FONT-SIZE: 10pt; FONT-FAMILY: 'Comic Sans MS'\"><o:p><FONT color=#000000>&nbsp;<IMG height=310 src=\"\/blogs\/universo\/wp-content\/blogs.dir\/42\/files\/255\/o_Bautista%20Figura%203.png\" width=435><\/FONT><\/o:p><\/SPAN><\/P> <P class=MsoNormal style=\"MARGIN: 0cm 0cm 0pt; TEXT-ALIGN: justify\"><SPAN lang=ES-TRAD style=\"FONT-SIZE: 10pt; FONT-FAMILY: 'Comic Sans MS'\"><o:p><FONT color=#000000>&nbsp;<\/FONT><\/o:p><\/SPAN><SPAN lang=ES-TRAD style=\"FONT-SIZE: 10pt; FONT-FAMILY: 'Comic Sans MS'\"><o:p><FONT color=#000000>&nbsp;<\/FONT><\/o:p><\/SPAN><\/P> <P class=MsoNormal style=\"MARGIN: 0cm 0cm 0pt; TEXT-ALIGN: justify\"><SPAN lang=ES-TRAD style=\"FONT-SIZE: 8pt; COLOR: #3366ff; FONT-FAMILY: 'Comic Sans MS'\"><STRONG>Foto: Fco. Bautista Z\u00fa\u00f1iga. N\u00f3tese los afloramientos de calizas blaca<o:p><\/o:p><\/STRONG><\/SPAN><\/P> <P class=MsoNormal style=\"MARGIN: 0cm 0cm 0pt; TEXT-ALIGN: justify\"><SPAN lang=ES-TRAD style=\"FONT-SIZE: 8pt; COLOR: #3366ff; FONT-FAMILY: 'Comic Sans MS'\"><STRONG>Entre suelos superficiales rojos a mayor profundidad<o:p><\/o:p><\/STRONG><\/SPAN><\/P> <P class=MsoNormal style=\"MARGIN: 0cm 0cm 0pt\">&nbsp;<\/P> <P class=MsoNormal style=\"MARGIN: 0cm 0cm 0pt; TEXT-ALIGN: justify\"><SPAN lang=ES-TRAD style=\"FONT-SIZE: 10pt; FONT-FAMILY: 'Comic Sans MS'\"><FONT color=#000000>Algo que <\/FONT><B style=\"mso-bidi-font-weight: normal\"><SPAN style=\"COLOR: #3366ff\">raras veces se menciona en los reportes t\u00e9cnicos es el hecho de que 116 especies de arvenses herb\u00e1ceas son de uso forrajero por las comunidades mayas<\/SPAN><\/B><FONT color=#000000>, se tienen reportes por nombre maya, parte comestible de la planta y animal que la consume (<\/FONT><B style=\"mso-bidi-font-weight: normal\"><SPAN style=\"COLOR: #3366ff\">Flores y Bautista, 2005<\/SPAN><\/B><FONT color=#000000>). Cabe entonces preguntarse, <\/FONT><B style=\"mso-bidi-font-weight: normal\"><SPAN style=\"COLOR: #3366ff\">\u00bfC\u00f3mo queremos ver<SPAN style=\"mso-spacerun: yes\">&nbsp; <\/SPAN>a las arvenses? \u00bfC\u00f3mo un mal o son un recurso?<o:p><\/o:p><\/SPAN><\/B><\/SPAN><\/P> <P class=MsoNormal style=\"MARGIN: 0cm 0cm 0pt; TEXT-ALIGN: justify\"><SPAN lang=ES-TRAD style=\"FONT-SIZE: 10pt; FONT-FAMILY: 'Comic Sans MS'\"><o:p><FONT color=#000000>&nbsp;<\/FONT><\/o:p><\/SPAN><\/P> <P class=MsoNormal style=\"MARGIN: 0cm 0cm 0pt; TEXT-ALIGN: justify\"><SPAN lang=ES-TRAD style=\"COLOR: green; FONT-FAMILY: 'Comic Sans MS'\"><FONT size=3>Fertilidad del Suelo o de los suelos<o:p><\/o:p><\/FONT><\/SPAN><\/P> <P class=MsoNormal style=\"MARGIN: 0cm 0cm 0pt; TEXT-ALIGN: justify\"><SPAN lang=ES-TRAD style=\"FONT-SIZE: 10pt; FONT-FAMILY: 'Comic Sans MS'\"><o:p><FONT color=#000000>&nbsp;<\/FONT><\/o:p><\/SPAN><\/P> <P class=MsoNormal style=\"MARGIN: 0cm 0cm 0pt; TEXT-ALIGN: justify\"><B style=\"mso-bidi-font-weight: normal\"><SPAN lang=ES-TRAD style=\"FONT-SIZE: 10pt; COLOR: #3366ff; FONT-FAMILY: 'Comic Sans MS'\">Es de suma importancia el reconocimiento de la diversidad ed\u00e1fica, como lo hacen los mayas al utilizar su clasificaci\u00f3n de suelos<\/SPAN><\/B><SPAN lang=ES-TRAD style=\"FONT-SIZE: 10pt; FONT-FAMILY: 'Comic Sans MS'\"><FONT color=#000000>. Esta <\/FONT><B style=\"mso-bidi-font-weight: normal\"><SPAN style=\"COLOR: #3366ff\">situaci\u00f3n <\/SPAN><\/B><FONT color=#000000>a menudo es <\/FONT><B style=\"mso-bidi-font-weight: normal\"><SPAN style=\"COLOR: #3366ff\">complicada para los t\u00e9cnicos agr\u00edcolas<\/SPAN><\/B><FONT color=#000000> porque en sus universidades <\/FONT><B style=\"mso-bidi-font-weight: normal\"><SPAN style=\"COLOR: #3366ff\">no se les ense\u00f1a esta clasificaci\u00f3n, a las clases Boxlu\u2019um, Puslu\u2019um, Chichlu\u2019um y Chochol les denominan en conjunto Rendzinas o, en el mejor de los casos, Leptosoles<\/SPAN><\/B><FONT color=#000000>.<o:p><\/o:p><\/FONT><\/SPAN><\/P> <P class=MsoNormal style=\"MARGIN: 0cm 0cm 0pt; TEXT-ALIGN: justify\"><SPAN lang=ES-TRAD style=\"FONT-SIZE: 10pt; FONT-FAMILY: 'Comic Sans MS'\"><o:p><FONT color=#000000>&nbsp;<\/FONT><\/o:p><\/SPAN><\/P> <P class=MsoNormal style=\"MARGIN: 0cm 0cm 0pt; TEXT-ALIGN: justify\"><SPAN lang=ES-TRAD style=\"FONT-SIZE: 10pt; FONT-FAMILY: 'Comic Sans MS'\"><FONT color=#000000>Un ejemplo, <\/FONT><B style=\"mso-bidi-font-weight: normal\"><SPAN style=\"COLOR: #3366ff\">en una parcela de <\/SPAN><\/B><\/SPAN><st1:metricconverter ProductID=\"0.5 ha\"><B style=\"mso-bidi-font-weight: normal\"><SPAN lang=ES-TRAD style=\"FONT-SIZE: 10pt; COLOR: #3366ff; FONT-FAMILY: 'Comic Sans MS'\">0.5 ha<\/SPAN><\/B><\/st1:metricconverter><B style=\"mso-bidi-font-weight: normal\"><SPAN lang=ES-TRAD style=\"FONT-SIZE: 10pt; COLOR: #3366ff; FONT-FAMILY: 'Comic Sans MS'\"> pueden estar presentes de tres a cinco clases de tierra con diferente calidad<\/SPAN><\/B><FONT color=#000000><SPAN lang=ES-TRAD style=\"FONT-SIZE: 10pt; FONT-FAMILY: 'Comic Sans MS'\"> medida mediante <\/SPAN><st1:PersonName ProductID=\"La MAPN\"><SPAN lang=ES-TRAD style=\"FONT-SIZE: 10pt; FONT-FAMILY: 'Comic Sans MS'\">la MAPN<\/SPAN><\/st1:PersonName><\/FONT><SPAN lang=ES-TRAD style=\"FONT-SIZE: 10pt; FONT-FAMILY: 'Comic Sans MS'\"><FONT color=#000000> (<\/FONT><B style=\"mso-bidi-font-weight: normal\"><SPAN style=\"COLOR: green\">Figura 2<\/SPAN><\/B><FONT color=#000000>), tambi\u00e9n llamado nitr\u00f3geno activo del suelo. <\/FONT><B style=\"mso-bidi-font-weight: normal\"><SPAN style=\"COLOR: #3366ff\">El Kancab es <\/SPAN><\/B><FONT color=#000000>la clase de tierra de la parte baja del relieve, con menor cantidad de nitr\u00f3geno l\u00e1bil biol\u00f3gicamente activo, pero tambi\u00e9n es la clase de tierra con mayor cantidad de tierra fina por su mayor profundidad y su menor pedregosidad en comparaci\u00f3n con el<\/FONT><B style=\"mso-bidi-font-weight: normal\"><SPAN style=\"COLOR: #3366ff\"> Boxlu\u2019um<\/SPAN><\/B><FONT color=#000000>. <\/FONT><B style=\"mso-bidi-font-weight: normal\"><SPAN style=\"COLOR: #3366ff\">La diversidad ed\u00e1fica en estas zonas de karst obliga a su reconocimiento para el mejoramiento de las actividades agr\u00edcolas; sin embargo, este conocimiento maya no se encuentra bien comprendido debido a que los profesionales de la agronom\u00eda <\/SPAN><\/B><FONT color=#000000>en un sentido amplio, as\u00ed como de la biolog\u00eda no incluyen este conocimiento en sus aulas universitarias.<o:p><\/o:p><\/FONT><\/SPAN><\/P> <P class=MsoNormal style=\"MARGIN: 0cm 0cm 0pt\"><B style=\"mso-bidi-font-weight: normal\"><SPAN lang=ES-TRAD style=\"FONT-SIZE: 10pt; COLOR: #3366ff; FONT-FAMILY: 'Comic Sans MS'\"><o:p>&nbsp;<\/o:p><\/SPAN><\/B><\/P> <P class=MsoNormal style=\"MARGIN: 0cm 0cm 0pt\"><B style=\"mso-bidi-font-weight: normal\"><SPAN lang=ES-TRAD style=\"FONT-SIZE: 10pt; COLOR: #3366ff; FONT-FAMILY: 'Comic Sans MS'\"><o:p>&nbsp;<IMG style=\"WIDTH: 415px; HEIGHT: 275px\" height=407 src=\"\/blogs\/universo\/wp-content\/blogs.dir\/42\/files\/255\/o_Bautista%20Figura%204.png\" width=553><\/o:p><\/SPAN><\/B><\/P> <P class=MsoNormal style=\"MARGIN: 0cm 0cm 0pt\"><B style=\"mso-bidi-font-weight: normal\"><SPAN lang=ES-TRAD style=\"FONT-SIZE: 10pt; COLOR: #3366ff; FONT-FAMILY: 'Comic Sans MS'\"><o:p>&nbsp;<\/o:p><\/SPAN><\/B><\/P> <P class=MsoNormal style=\"MARGIN: 0cm 0cm 0pt\"><B style=\"mso-bidi-font-weight: normal\"><SPAN lang=ES-TRAD style=\"FONT-SIZE: 8pt; COLOR: #3366ff; FONT-FAMILY: 'Comic Sans MS'\">Figura 2. Fertilidad de las clases de tierra campesinas evaluada con<o:p><\/o:p><\/SPAN><\/B><\/P> <P class=MsoNormal style=\"MARGIN: 0cm 0cm 0pt\"><B style=\"mso-bidi-font-weight: normal\"><SPAN lang=ES-TRAD style=\"FONT-SIZE: 8pt; COLOR: #3366ff; FONT-FAMILY: 'Comic Sans MS'\">la mineralizaci\u00f3n anaerobia potencial de nitr\u00f3geno (mg g<SUP>-1<\/SUP> de NH<SUB>4<\/SUB><SUP>+<\/SUP>).<o:p><\/o:p><\/SPAN><\/B><\/P> <P class=MsoNormal style=\"MARGIN: 0cm 0cm 0pt; TEXT-ALIGN: justify\"><SPAN lang=ES-TRAD style=\"FONT-SIZE: 11pt; mso-bidi-font-size: 12.0pt\"><o:p><FONT face=\"Times New Roman\" color=#000000>&nbsp;<\/FONT><\/o:p><\/SPAN><\/P> <P class=MsoNormal style=\"MARGIN: 0cm 0cm 0pt; TEXT-ALIGN: justify\"><B style=\"mso-bidi-font-weight: normal\"><SPAN lang=ES-TRAD style=\"FONT-SIZE: 10pt; COLOR: #3366ff; FONT-FAMILY: 'Comic Sans MS'\">La pol\u00edtica gubernamental de<\/SPAN><\/B><SPAN lang=ES-TRAD style=\"FONT-SIZE: 10pt; FONT-FAMILY: 'Comic Sans MS'\"><FONT color=#000000> <\/FONT><B style=\"mso-bidi-font-weight: normal\"><SPAN style=\"COLOR: #3366ff\">querer convertir a los campesinos en empresarios agr\u00edcolas parece ser bien intencionada pero<\/SPAN><\/B><FONT color=#000000> requiere de la participaci\u00f3n conjunta de t\u00e9cnicos y campesinos<\/FONT><B style=\"mso-bidi-font-weight: normal\"><SPAN style=\"COLOR: #3366ff\"> <\/SPAN><\/B><FONT color=#000000>para el dise\u00f1o de nuevas y mejores formas de producci\u00f3n agropecuaria partiendo de la identificaci\u00f3n conjunta de los problemas a abordar. Se <\/FONT><B style=\"mso-bidi-font-weight: normal\"><SPAN style=\"COLOR: #3366ff\">requiere del reconocimiento mutuo de las habilidades y conocimientos de campesinos y t\u00e9cnicos; as\u00ed como la capacitaci\u00f3n de los segundos en el conocimiento local del campesino maya yucateco<\/SPAN><\/B><FONT color=#000000>.<o:p><\/o:p><\/FONT><\/SPAN><\/P> <P class=MsoNormal style=\"MARGIN: 0cm 0cm 0pt; TEXT-ALIGN: justify\"><SPAN lang=ES-TRAD style=\"FONT-SIZE: 10pt; FONT-FAMILY: 'Comic Sans MS'\"><o:p><FONT color=#000000>&nbsp;<\/FONT><\/o:p><\/SPAN><\/P> <P class=MsoNormal style=\"MARGIN: 0cm 0cm 0pt; TEXT-ALIGN: center\" align=center><B style=\"mso-bidi-font-weight: normal\"><SPAN lang=ES-TRAD style=\"FONT-SIZE: 10pt; COLOR: green; FONT-FAMILY: 'Comic Sans MS'\">La moraleja de este cuento es: si usted es un t\u00e9cnico agr\u00edcola o un cient\u00edfico (en formaci\u00f3n o ya consolidado) haga uso de ese conocimiento local, involucre a los lugare\u00f1os en la toma de decisiones y sus proyectos de desarrollo ser\u00e1n mejores, sus tesis y art\u00edculos m\u00e1s completos.<o:p><\/o:p><\/SPAN><\/B><\/P> <P class=MsoNormal style=\"MARGIN: 0cm 0cm 0pt; TEXT-ALIGN: justify\"><B style=\"mso-bidi-font-weight: normal\"><SPAN lang=ES-TRAD style=\"FONT-SIZE: 10pt; FONT-FAMILY: 'Comic Sans MS'\"><o:p><FONT color=#000000>&nbsp;<\/FONT><\/o:p><\/SPAN><\/B><\/P> <P class=MsoNormal style=\"MARGIN: 0cm 0cm 0pt; TEXT-ALIGN: justify\"><B style=\"mso-bidi-font-weight: normal\"><SPAN lang=ES-TRAD style=\"COLOR: #cc0000; FONT-FAMILY: 'Comic Sans MS'\"><FONT size=3>Francisco Bautista Z\u00fa\u00f1iga<o:p><\/o:p><\/FONT><\/SPAN><\/B><\/P> <P class=MsoNormal style=\"MARGIN: 0cm 0cm 0pt\"><B style=\"mso-bidi-font-weight: normal\"><SPAN lang=ES-TRAD style=\"FONT-SIZE: 10pt; COLOR: green; FONT-FAMILY: 'Comic Sans MS'\">Dr. Francisco Bautista Z\u00fa\u00f1iga <BR>Secretario Acad\u00e9mico <BR>Centro de Investigaciones en Geograf\u00eda Ambiental, UNAM <BR>Morelia Michoac\u00e1n, M\u00e9xico<\/SPAN><\/B><B style=\"mso-bidi-font-weight: normal\"><SPAN lang=ES-TRAD style=\"COLOR: green; FONT-FAMILY: 'Comic Sans MS'\"><o:p><\/o:p><\/SPAN><\/B><\/P> <P class=MsoNormal style=\"MARGIN: 0cm 0cm 0pt\"><\/o:p><\/SPAN>&nbsp;<\/P><\/o:p><\/SPAN><\/p>\n","protected":false},"excerpt":{"rendered":"<p>En el estado de Yucat\u00e1n, M\u00e9xico, coexisten principalmente dos culturas, la maya actual y la mestiza, producto de la fusi\u00f3n de la espa\u00f1ola con la maya prehisp\u00e1nica. La agricultura refleja las diferencias culturales: la tradicional maya de milpa con roza, tumba y quema (RTQ), con el manejo del solar y de la vegetaci\u00f3n natural; la mestiza con monocultivos, como los c\u00edtricos y pastizales; y el henequ\u00e9n, que es una mezcla de ambas culturas. El sistema agr\u00edcola aut\u00f3ctono denominado milpa no est\u00e1 totalmente entendido por la gran mayor\u00eda de t\u00e9cnicos que apoyan la toma de decisiones en el \u00e1mbito gubernamental, a\u2026<\/p>\n","protected":false},"author":26,"featured_media":0,"comment_status":"open","ping_status":"open","sticky":false,"template":"","format":"standard","meta":{"ngg_post_thumbnail":0},"categories":[599],"tags":[],"blocksy_meta":{"styles_descriptor":{"styles":{"desktop":"","tablet":"","mobile":""},"google_fonts":[],"version":4}},"aioseo_notices":[],"_links":{"self":[{"href":"https:\/\/www.madrimasd.org\/blogs\/universo\/wp-json\/wp\/v2\/posts\/83655"}],"collection":[{"href":"https:\/\/www.madrimasd.org\/blogs\/universo\/wp-json\/wp\/v2\/posts"}],"about":[{"href":"https:\/\/www.madrimasd.org\/blogs\/universo\/wp-json\/wp\/v2\/types\/post"}],"author":[{"embeddable":true,"href":"https:\/\/www.madrimasd.org\/blogs\/universo\/wp-json\/wp\/v2\/users\/26"}],"replies":[{"embeddable":true,"href":"https:\/\/www.madrimasd.org\/blogs\/universo\/wp-json\/wp\/v2\/comments?post=83655"}],"version-history":[{"count":3,"href":"https:\/\/www.madrimasd.org\/blogs\/universo\/wp-json\/wp\/v2\/posts\/83655\/revisions"}],"predecessor-version":[{"id":134585,"href":"https:\/\/www.madrimasd.org\/blogs\/universo\/wp-json\/wp\/v2\/posts\/83655\/revisions\/134585"}],"wp:attachment":[{"href":"https:\/\/www.madrimasd.org\/blogs\/universo\/wp-json\/wp\/v2\/media?parent=83655"}],"wp:term":[{"taxonomy":"category","embeddable":true,"href":"https:\/\/www.madrimasd.org\/blogs\/universo\/wp-json\/wp\/v2\/categories?post=83655"},{"taxonomy":"post_tag","embeddable":true,"href":"https:\/\/www.madrimasd.org\/blogs\/universo\/wp-json\/wp\/v2\/tags?post=83655"}],"curies":[{"name":"wp","href":"https:\/\/api.w.org\/{rel}","templated":true}]}}