{"id":131052,"date":"2012-12-27T20:39:42","date_gmt":"2012-12-27T18:39:42","guid":{"rendered":"http:\/\/www.madrimasd.org\/blogs\/vias_pecuarias\/?p=131052"},"modified":"2012-12-27T20:39:42","modified_gmt":"2012-12-27T18:39:42","slug":"el-area-de-vias-pecuarias-de-la-comunidad-de-madrid-apoya-la-iniciativa-que-encabezan-los-ganaderos-de-la-sierra","status":"publish","type":"post","link":"https:\/\/www.madrimasd.org\/blogs\/vias_pecuarias\/2012\/12\/27\/131052","title":{"rendered":"El \u00c1rea de V\u00edas Pecuarias de la Comunidad de Madrid apoya la Iniciativa que encabezan los Ganaderos de la Sierra"},"content":{"rendered":"<p>El pasado d\u00eda 11 de diciembre\u00a0tuvo lugar una reuni\u00f3n entre representantes del grupo que impulsa el uso prioritario del ganado en las V\u00edas Pecuarias de la Comunidad de Madrid y responsables del \u00c1rea de V\u00edas Pecuarias. Esta Secci\u00f3n depende de la Subdirecci\u00f3n General de Recursos Agrarios de la Consejer\u00eda de Medio Ambiente y Ordenaci\u00f3n del Territorio de la\u00a0<a title=\"CAM\" href=\"http:\/\/www.madrid.org\/cs\/Satellite?c=CM_Agrupador_FP&amp;cid=1109266187260&amp;idConsejeria=1109266187260&amp;idListConsj=1109265444710&amp;language=es&amp;pagename=ComunidadMadrid%2FEstructura&amp;pid=1109265444699\">Comunidad de Madrid<\/a>. Desde el principio\u00a0<strong>Jos\u00e9 Alberto y Susana<\/strong>, como t\u00e9cnicos responsables del citado organismo, valoraron de forma positiva esta iniciativa y se comprometieron a trabajar por alcanzar los objetivos descritos. El reto para el a\u00f1o 2013 ser\u00e1 hacerla efectiva, para ello se debe presentar un proyecto viable que incluya las zonas detectadas en la fase de estudio e identificaci\u00f3n.<\/p>\n<p>El grupo de investigaci\u00f3n <a title=\"Geovisualizaci\u00f3n\" href=\"http:\/\/youtu.be\/3HFysBeaqh4\">GESyP<\/a> (Geovisualizaci\u00f3n, Espacios Singulares y Patrimonio) de la <a title=\"UPM\" href=\"http:\/\/www.upm.es\/institucional\">Universidad Polit\u00e9cnica de Madrid<\/a>\u00a0junto con el grupo del\u00a0<a title=\"OCT\" href=\"http:\/\/observatorioculturayterritorio.org\/wordpress\/\">Observatorio para una Cultura del Territorio<\/a> (OCT), miembros de\u00a0<a title=\"Ecologistas en Acci\u00f3n Madrid\" href=\"http:\/\/www.ecologistasenaccion.org\/rubrique26.html\">Ecologistas en Acci\u00f3n de Madrid<\/a>, ganaderos de la Sierra y personal t\u00e9cnico de\u00a0<a title=\"V\u00edas Pecuarias de la Comunidad de Madrid\" href=\"http:\/\/www.viaspecuariasdemadrid.org\">V\u00edas Pecuarias de la Comunidad de Madrid<\/a>\u00a0participan en este proyecto que ayudar\u00e1 a que el ganado y los ganaderos se desplacen de forma m\u00e1s eficiente por las v\u00edas pecuarias, en definitiva, se trata de que estos espacios, a veces marginales, en otras, borrados del territorio, sigan vivos y \u00fatiles.<\/p>\n<p><img decoding=\"async\" class=\"size-medium wp-image-131074 aligncenter\" title=\"VVPPAlpedrete\" src=\"https:\/\/www.madrimasd.org\/blogs\/vias_pecuarias\/files\/2012\/12\/Diapositiva11-300x225.jpg\" alt=\"V\u00edas Pecuarias periurbanas\" width=\"300\" height=\"225\" srcset=\"https:\/\/www.madrimasd.org\/blogs\/vias_pecuarias\/files\/2012\/12\/Diapositiva11-300x225.jpg 300w, https:\/\/www.madrimasd.org\/blogs\/vias_pecuarias\/files\/2012\/12\/Diapositiva11.jpg 720w\" sizes=\"(max-width: 300px) 100vw, 300px\" \/><\/p>\n<div><\/div>\n","protected":false},"excerpt":{"rendered":"<p>El pasado d\u00eda 11 de diciembre\u00a0tuvo lugar una reuni\u00f3n entre representantes del grupo que impulsa el uso prioritario del ganado en las V\u00edas Pecuarias de la Comunidad de Madrid y responsables del \u00c1rea de V\u00edas Pecuarias. Esta Secci\u00f3n depende de la Subdirecci\u00f3n General de Recursos Agrarios de la Consejer\u00eda de Medio Ambiente y Ordenaci\u00f3n del Territorio de la\u00a0Comunidad de Madrid. Desde el principio\u00a0Jos\u00e9 Alberto y Susana, como t\u00e9cnicos responsables del citado organismo, valoraron de forma positiva esta iniciativa y se comprometieron a trabajar por alcanzar los objetivos descritos. El reto para el a\u00f1o 2013 ser\u00e1 hacerla efectiva, para ello se\u2026<\/p>\n","protected":false},"author":89,"featured_media":0,"comment_status":"open","ping_status":"open","sticky":false,"template":"","format":"standard","meta":{"ngg_post_thumbnail":0},"categories":[15564,1,15565],"tags":[30202],"blocksy_meta":{"styles_descriptor":{"styles":{"desktop":"","tablet":"","mobile":""},"google_fonts":[],"version":4}},"aioseo_notices":[],"_links":{"self":[{"href":"https:\/\/www.madrimasd.org\/blogs\/vias_pecuarias\/wp-json\/wp\/v2\/posts\/131052"}],"collection":[{"href":"https:\/\/www.madrimasd.org\/blogs\/vias_pecuarias\/wp-json\/wp\/v2\/posts"}],"about":[{"href":"https:\/\/www.madrimasd.org\/blogs\/vias_pecuarias\/wp-json\/wp\/v2\/types\/post"}],"author":[{"embeddable":true,"href":"https:\/\/www.madrimasd.org\/blogs\/vias_pecuarias\/wp-json\/wp\/v2\/users\/89"}],"replies":[{"embeddable":true,"href":"https:\/\/www.madrimasd.org\/blogs\/vias_pecuarias\/wp-json\/wp\/v2\/comments?post=131052"}],"version-history":[{"count":48,"href":"https:\/\/www.madrimasd.org\/blogs\/vias_pecuarias\/wp-json\/wp\/v2\/posts\/131052\/revisions"}],"predecessor-version":[{"id":131109,"href":"https:\/\/www.madrimasd.org\/blogs\/vias_pecuarias\/wp-json\/wp\/v2\/posts\/131052\/revisions\/131109"}],"wp:attachment":[{"href":"https:\/\/www.madrimasd.org\/blogs\/vias_pecuarias\/wp-json\/wp\/v2\/media?parent=131052"}],"wp:term":[{"taxonomy":"category","embeddable":true,"href":"https:\/\/www.madrimasd.org\/blogs\/vias_pecuarias\/wp-json\/wp\/v2\/categories?post=131052"},{"taxonomy":"post_tag","embeddable":true,"href":"https:\/\/www.madrimasd.org\/blogs\/vias_pecuarias\/wp-json\/wp\/v2\/tags?post=131052"}],"curies":[{"name":"wp","href":"https:\/\/api.w.org\/{rel}","templated":true}]}}